{"id":16779,"date":"2024-07-02T14:22:13","date_gmt":"2024-07-02T12:22:13","guid":{"rendered":"https:\/\/monlienvisio.fr\/atha-orange-asociacion-de-discapacitados-en-activo-o-jubilados\/"},"modified":"2025-05-09T08:22:52","modified_gmt":"2025-05-09T06:22:52","slug":"atha-orange-asociacion-de-discapacitados-en-activo-o-jubilados","status":"publish","type":"post","link":"https:\/\/monlienvisio.fr\/es\/atha-orange-asociacion-de-discapacitados-en-activo-o-jubilados\/","title":{"rendered":"ATHA ORANGE (ASOCIACI\u00d3N DE DISCAPACITADOS EN ACTIVO O JUBILADOS)"},"content":{"rendered":"\n<h2 class=\"wp-block-heading\">La Asociaci\u00f3n de Personas con Discapacidad en el Trabajo o la Jubilaci\u00f3n presenta Homelinks, \u00a1recreando enlaces para todos! @laposte @naranja  <\/h2>\n\n<h2 class=\"wp-block-heading\">CONTENIDO DEL BOLET\u00cdN DE LA ASOCIACI\u00d3N<br\/>N\u00b0114<\/h2>\n\n<ol class=\"wp-block-list\">\n<li>2 y 17\/ Cuidadores familiares: \u00bfest\u00e1s preocupado?<\/li>\n\n\n\n<li>3\/ Contenido y editorial<\/li>\n\n\n\n<li>4 a 6\/ Discurso del Presidente en la JGA 2023: Un nuevo punto de inflexi\u00f3n<\/li>\n\n\n\n<li>7 a 11\/ Discurso de Clarisse Mathieu del Grupo La Poste<\/li>\n\n\n\n<li>12 a 14\/ El Informe de Actividades 2022<\/li>\n\n\n\n<li>15\/ Resumen del informe financiero 2022<\/li>\n\n\n\n<li>16\/ Fotos de la Asamblea General Anual 2023<\/li>\n\n\n\n<li>18 a 19\/ Lun Lien Visio: Recrear enlaces para todos<\/li>\n\n\n\n<li><\/li>\n<\/ol>\n\n<figure class=\"wp-block-image size-full\"><img fetchpriority=\"high\" decoding=\"async\" width=\"638\" height=\"902\" src=\"https:\/\/monlienvisio.fr\/wp-content\/uploads\/2023\/10\/Capture-decran-2023-10-02-a-16.35.47.png\" alt=\"\" class=\"wp-image-4387\" srcset=\"https:\/\/monlienvisio.fr\/wp-content\/uploads\/2023\/10\/Capture-decran-2023-10-02-a-16.35.47.png 638w, https:\/\/monlienvisio.fr\/wp-content\/uploads\/2023\/10\/Capture-decran-2023-10-02-a-16.35.47-212x300.png 212w\" sizes=\"(max-width: 638px) 100vw, 638px\" \/><\/figure>\n<figure class=\"wp-block-image size-full\"><img decoding=\"async\" width=\"634\" height=\"898\" src=\"https:\/\/monlienvisio.fr\/wp-content\/uploads\/2023\/10\/Capture-decran-2023-10-02-a-16.35.56.png\" alt=\"\" class=\"wp-image-4388\" srcset=\"https:\/\/monlienvisio.fr\/wp-content\/uploads\/2023\/10\/Capture-decran-2023-10-02-a-16.35.56.png 634w, https:\/\/monlienvisio.fr\/wp-content\/uploads\/2023\/10\/Capture-decran-2023-10-02-a-16.35.56-212x300.png 212w\" sizes=\"(max-width: 634px) 100vw, 634px\" \/><\/figure>","protected":false},"excerpt":{"rendered":"<p>La Asociaci\u00f3n de Personas con Discapacidad en el Trabajo o la Jubilaci\u00f3n presenta Homelinks, \u00a1recreando enlaces para todos! @laposte @naranja CONTENIDO DEL BOLET\u00cdN DE LA ASOCIACI\u00d3NN\u00b0114<\/p>\n","protected":false},"author":2,"featured_media":13242,"comment_status":"open","ping_status":"open","sticky":false,"template":"","format":"standard","meta":{"_acf_changed":false,"_eb_attr":"","footnotes":""},"categories":[253],"tags":[],"class_list":["post-16779","post","type-post","status-publish","format-standard","has-post-thumbnail","hentry","category-pulsa"],"acf":[],"yoast_head":"<!-- This site is optimized with the Yoast SEO plugin v27.5 - https:\/\/yoast.com\/product\/yoast-seo-wordpress\/ -->\n<title>ATHA ORANGE (ASOCIACI\u00d3N DE DISCAPACITADOS EN ACTIVO O JUBILADOS) | Mon Lien Visio<\/title>\n<meta name=\"robots\" content=\"index, follow, max-snippet:-1, max-image-preview:large, max-video-preview:-1\" \/>\n<link rel=\"canonical\" href=\"https:\/\/monlienvisio.fr\/latha-orange-association-des-personnes-en-situation-de-handicap-au-travail-ou-en-retraite\/\" \/>\n<meta property=\"og:locale\" content=\"es_ES\" \/>\n<meta property=\"og:type\" content=\"article\" \/>\n<meta property=\"og:title\" content=\"ATHA ORANGE (ASOCIACI\u00d3N DE DISCAPACITADOS EN ACTIVO O JUBILADOS) | Mon Lien Visio\" \/>\n<meta property=\"og:description\" content=\"La Asociaci\u00f3n de Personas con Discapacidad en el Trabajo o la Jubilaci\u00f3n presenta Homelinks, \u00a1recreando enlaces para todos! @laposte @naranja CONTENIDO DEL BOLET\u00cdN DE LA ASOCIACI\u00d3NN\u00b0114\" \/>\n<meta property=\"og:url\" content=\"https:\/\/monlienvisio.fr\/latha-orange-association-des-personnes-en-situation-de-handicap-au-travail-ou-en-retraite\/\" \/>\n<meta property=\"og:site_name\" content=\"Mon Lien Visio\" \/>\n<meta property=\"article:publisher\" content=\"https:\/\/www.facebook.com\/monlienvisio\" \/>\n<meta property=\"article:published_time\" content=\"2024-07-02T12:22:13+00:00\" \/>\n<meta property=\"article:modified_time\" content=\"2025-05-09T06:22:52+00:00\" \/>\n<meta property=\"og:image\" content=\"https:\/\/monlienvisio.fr\/wp-content\/uploads\/2023\/10\/Capture-decran-2023-10-02-a-16.35.29.png\" \/>\n\t<meta property=\"og:image:width\" content=\"636\" \/>\n\t<meta property=\"og:image:height\" content=\"900\" \/>\n\t<meta property=\"og:image:type\" content=\"image\/png\" \/>\n<meta name=\"author\" content=\"admin9923\" \/>\n<meta name=\"twitter:card\" content=\"summary_large_image\" \/>\n<meta name=\"twitter:creator\" content=\"@monlienvisio\" \/>\n<meta name=\"twitter:site\" content=\"@monlienvisio\" \/>\n<meta name=\"twitter:label1\" content=\"Escrito por\" \/>\n\t<meta name=\"twitter:data1\" content=\"admin9923\" \/>\n<script type=\"application\/ld+json\" class=\"yoast-schema-graph\">{\"@context\":\"https:\\\/\\\/schema.org\",\"@graph\":[{\"@type\":\"Article\",\"@id\":\"https:\\\/\\\/monlienvisio.fr\\\/latha-orange-association-des-personnes-en-situation-de-handicap-au-travail-ou-en-retraite\\\/#article\",\"isPartOf\":{\"@id\":\"https:\\\/\\\/monlienvisio.fr\\\/latha-orange-association-des-personnes-en-situation-de-handicap-au-travail-ou-en-retraite\\\/\"},\"author\":{\"name\":\"admin9923\",\"@id\":\"https:\\\/\\\/monlienvisio.fr\\\/#\\\/schema\\\/person\\\/c23c5aff4a9836f9f27cd99f4c22be85\"},\"headline\":\"ATHA ORANGE (ASOCIACI\u00d3N DE DISCAPACITADOS EN ACTIVO O JUBILADOS)\",\"datePublished\":\"2024-07-02T12:22:13+00:00\",\"dateModified\":\"2025-05-09T06:22:52+00:00\",\"mainEntityOfPage\":{\"@id\":\"https:\\\/\\\/monlienvisio.fr\\\/latha-orange-association-des-personnes-en-situation-de-handicap-au-travail-ou-en-retraite\\\/\"},\"wordCount\":94,\"commentCount\":0,\"publisher\":{\"@id\":\"https:\\\/\\\/monlienvisio.fr\\\/#organization\"},\"image\":{\"@id\":\"https:\\\/\\\/monlienvisio.fr\\\/latha-orange-association-des-personnes-en-situation-de-handicap-au-travail-ou-en-retraite\\\/#primaryimage\"},\"thumbnailUrl\":\"https:\\\/\\\/monlienvisio.fr\\\/wp-content\\\/uploads\\\/2023\\\/10\\\/Capture-decran-2023-10-02-a-16.35.29.png\",\"articleSection\":[\"Pulsa\"],\"inLanguage\":\"es\",\"potentialAction\":[{\"@type\":\"CommentAction\",\"name\":\"Comment\",\"target\":[\"https:\\\/\\\/monlienvisio.fr\\\/latha-orange-association-des-personnes-en-situation-de-handicap-au-travail-ou-en-retraite\\\/#respond\"]}]},{\"@type\":\"WebPage\",\"@id\":\"https:\\\/\\\/monlienvisio.fr\\\/latha-orange-association-des-personnes-en-situation-de-handicap-au-travail-ou-en-retraite\\\/\",\"url\":\"https:\\\/\\\/monlienvisio.fr\\\/latha-orange-association-des-personnes-en-situation-de-handicap-au-travail-ou-en-retraite\\\/\",\"name\":\"ATHA ORANGE (ASOCIACI\u00d3N DE DISCAPACITADOS EN ACTIVO O JUBILADOS) | Mon Lien Visio\",\"isPartOf\":{\"@id\":\"https:\\\/\\\/monlienvisio.fr\\\/#website\"},\"primaryImageOfPage\":{\"@id\":\"https:\\\/\\\/monlienvisio.fr\\\/latha-orange-association-des-personnes-en-situation-de-handicap-au-travail-ou-en-retraite\\\/#primaryimage\"},\"image\":{\"@id\":\"https:\\\/\\\/monlienvisio.fr\\\/latha-orange-association-des-personnes-en-situation-de-handicap-au-travail-ou-en-retraite\\\/#primaryimage\"},\"thumbnailUrl\":\"https:\\\/\\\/monlienvisio.fr\\\/wp-content\\\/uploads\\\/2023\\\/10\\\/Capture-decran-2023-10-02-a-16.35.29.png\",\"datePublished\":\"2024-07-02T12:22:13+00:00\",\"dateModified\":\"2025-05-09T06:22:52+00:00\",\"breadcrumb\":{\"@id\":\"https:\\\/\\\/monlienvisio.fr\\\/latha-orange-association-des-personnes-en-situation-de-handicap-au-travail-ou-en-retraite\\\/#breadcrumb\"},\"inLanguage\":\"es\",\"potentialAction\":[{\"@type\":\"ReadAction\",\"target\":[\"https:\\\/\\\/monlienvisio.fr\\\/latha-orange-association-des-personnes-en-situation-de-handicap-au-travail-ou-en-retraite\\\/\"]}]},{\"@type\":\"ImageObject\",\"inLanguage\":\"es\",\"@id\":\"https:\\\/\\\/monlienvisio.fr\\\/latha-orange-association-des-personnes-en-situation-de-handicap-au-travail-ou-en-retraite\\\/#primaryimage\",\"url\":\"https:\\\/\\\/monlienvisio.fr\\\/wp-content\\\/uploads\\\/2023\\\/10\\\/Capture-decran-2023-10-02-a-16.35.29.png\",\"contentUrl\":\"https:\\\/\\\/monlienvisio.fr\\\/wp-content\\\/uploads\\\/2023\\\/10\\\/Capture-decran-2023-10-02-a-16.35.29.png\",\"width\":636,\"height\":900},{\"@type\":\"BreadcrumbList\",\"@id\":\"https:\\\/\\\/monlienvisio.fr\\\/latha-orange-association-des-personnes-en-situation-de-handicap-au-travail-ou-en-retraite\\\/#breadcrumb\",\"itemListElement\":[{\"@type\":\"ListItem\",\"position\":1,\"name\":\"Accueil\",\"item\":\"https:\\\/\\\/monlienvisio.fr\\\/es\\\/\"},{\"@type\":\"ListItem\",\"position\":2,\"name\":\"ATHA ORANGE (ASOCIACI\u00d3N DE DISCAPACITADOS EN ACTIVO O JUBILADOS)\"}]},{\"@type\":\"WebSite\",\"@id\":\"https:\\\/\\\/monlienvisio.fr\\\/#website\",\"url\":\"https:\\\/\\\/monlienvisio.fr\\\/\",\"name\":\"Mon Lien Visio\",\"description\":\"Renforcer vos liens avec ceux qui comptent\",\"publisher\":{\"@id\":\"https:\\\/\\\/monlienvisio.fr\\\/#organization\"},\"alternateName\":\"MLV\",\"potentialAction\":[{\"@type\":\"SearchAction\",\"target\":{\"@type\":\"EntryPoint\",\"urlTemplate\":\"https:\\\/\\\/monlienvisio.fr\\\/?s={search_term_string}\"},\"query-input\":{\"@type\":\"PropertyValueSpecification\",\"valueRequired\":true,\"valueName\":\"search_term_string\"}}],\"inLanguage\":\"es\"},{\"@type\":\"Organization\",\"@id\":\"https:\\\/\\\/monlienvisio.fr\\\/#organization\",\"name\":\"Mon Lien Visio\",\"alternateName\":\"MLV\",\"url\":\"https:\\\/\\\/monlienvisio.fr\\\/\",\"logo\":{\"@type\":\"ImageObject\",\"inLanguage\":\"es\",\"@id\":\"https:\\\/\\\/monlienvisio.fr\\\/#\\\/schema\\\/logo\\\/image\\\/\",\"url\":\"https:\\\/\\\/monlienvisio.fr\\\/wp-content\\\/uploads\\\/2025\\\/03\\\/logo-MLV-Homelinks-512-x-512.png\",\"contentUrl\":\"https:\\\/\\\/monlienvisio.fr\\\/wp-content\\\/uploads\\\/2025\\\/03\\\/logo-MLV-Homelinks-512-x-512.png\",\"width\":512,\"height\":512,\"caption\":\"Mon Lien Visio\"},\"image\":{\"@id\":\"https:\\\/\\\/monlienvisio.fr\\\/#\\\/schema\\\/logo\\\/image\\\/\"},\"sameAs\":[\"https:\\\/\\\/www.facebook.com\\\/monlienvisio\",\"https:\\\/\\\/x.com\\\/monlienvisio\",\"https:\\\/\\\/www.instagram.com\\\/monlienvisio\\\/\",\"https:\\\/\\\/www.youtube.com\\\/channel\\\/UCSqRapa3VR6QOtwWgtiR-CQ\",\"https:\\\/\\\/www.linkedin.com\\\/company\\\/monlienvisio\\\/\"]},{\"@type\":\"Person\",\"@id\":\"https:\\\/\\\/monlienvisio.fr\\\/#\\\/schema\\\/person\\\/c23c5aff4a9836f9f27cd99f4c22be85\",\"name\":\"admin9923\",\"image\":{\"@type\":\"ImageObject\",\"inLanguage\":\"es\",\"@id\":\"https:\\\/\\\/secure.gravatar.com\\\/avatar\\\/68178fff884ab7e86a76129926eb0fd6343c3d415cdfd290f5407562ff78edfa?s=96&d=mm&r=g\",\"url\":\"https:\\\/\\\/secure.gravatar.com\\\/avatar\\\/68178fff884ab7e86a76129926eb0fd6343c3d415cdfd290f5407562ff78edfa?s=96&d=mm&r=g\",\"contentUrl\":\"https:\\\/\\\/secure.gravatar.com\\\/avatar\\\/68178fff884ab7e86a76129926eb0fd6343c3d415cdfd290f5407562ff78edfa?s=96&d=mm&r=g\",\"caption\":\"admin9923\"},\"url\":\"https:\\\/\\\/monlienvisio.fr\\\/es\\\/author\\\/admin9923\\\/\"}]}<\/script>\n<!-- \/ Yoast SEO plugin. -->","yoast_head_json":{"title":"ATHA ORANGE (ASOCIACI\u00d3N DE DISCAPACITADOS EN ACTIVO O JUBILADOS) | Mon Lien Visio","robots":{"index":"index","follow":"follow","max-snippet":"max-snippet:-1","max-image-preview":"max-image-preview:large","max-video-preview":"max-video-preview:-1"},"canonical":"https:\/\/monlienvisio.fr\/latha-orange-association-des-personnes-en-situation-de-handicap-au-travail-ou-en-retraite\/","og_locale":"es_ES","og_type":"article","og_title":"ATHA ORANGE (ASOCIACI\u00d3N DE DISCAPACITADOS EN ACTIVO O JUBILADOS) | Mon Lien Visio","og_description":"La Asociaci\u00f3n de Personas con Discapacidad en el Trabajo o la Jubilaci\u00f3n presenta Homelinks, \u00a1recreando enlaces para todos! @laposte @naranja CONTENIDO DEL BOLET\u00cdN DE LA ASOCIACI\u00d3NN\u00b0114","og_url":"https:\/\/monlienvisio.fr\/latha-orange-association-des-personnes-en-situation-de-handicap-au-travail-ou-en-retraite\/","og_site_name":"Mon Lien Visio","article_publisher":"https:\/\/www.facebook.com\/monlienvisio","article_published_time":"2024-07-02T12:22:13+00:00","article_modified_time":"2025-05-09T06:22:52+00:00","og_image":[{"width":636,"height":900,"url":"https:\/\/monlienvisio.fr\/wp-content\/uploads\/2023\/10\/Capture-decran-2023-10-02-a-16.35.29.png","type":"image\/png"}],"author":"admin9923","twitter_card":"summary_large_image","twitter_creator":"@monlienvisio","twitter_site":"@monlienvisio","twitter_misc":{"Escrito por":"admin9923"},"schema":{"@context":"https:\/\/schema.org","@graph":[{"@type":"Article","@id":"https:\/\/monlienvisio.fr\/latha-orange-association-des-personnes-en-situation-de-handicap-au-travail-ou-en-retraite\/#article","isPartOf":{"@id":"https:\/\/monlienvisio.fr\/latha-orange-association-des-personnes-en-situation-de-handicap-au-travail-ou-en-retraite\/"},"author":{"name":"admin9923","@id":"https:\/\/monlienvisio.fr\/#\/schema\/person\/c23c5aff4a9836f9f27cd99f4c22be85"},"headline":"ATHA ORANGE (ASOCIACI\u00d3N DE DISCAPACITADOS EN ACTIVO O JUBILADOS)","datePublished":"2024-07-02T12:22:13+00:00","dateModified":"2025-05-09T06:22:52+00:00","mainEntityOfPage":{"@id":"https:\/\/monlienvisio.fr\/latha-orange-association-des-personnes-en-situation-de-handicap-au-travail-ou-en-retraite\/"},"wordCount":94,"commentCount":0,"publisher":{"@id":"https:\/\/monlienvisio.fr\/#organization"},"image":{"@id":"https:\/\/monlienvisio.fr\/latha-orange-association-des-personnes-en-situation-de-handicap-au-travail-ou-en-retraite\/#primaryimage"},"thumbnailUrl":"https:\/\/monlienvisio.fr\/wp-content\/uploads\/2023\/10\/Capture-decran-2023-10-02-a-16.35.29.png","articleSection":["Pulsa"],"inLanguage":"es","potentialAction":[{"@type":"CommentAction","name":"Comment","target":["https:\/\/monlienvisio.fr\/latha-orange-association-des-personnes-en-situation-de-handicap-au-travail-ou-en-retraite\/#respond"]}]},{"@type":"WebPage","@id":"https:\/\/monlienvisio.fr\/latha-orange-association-des-personnes-en-situation-de-handicap-au-travail-ou-en-retraite\/","url":"https:\/\/monlienvisio.fr\/latha-orange-association-des-personnes-en-situation-de-handicap-au-travail-ou-en-retraite\/","name":"ATHA ORANGE (ASOCIACI\u00d3N DE DISCAPACITADOS EN ACTIVO O JUBILADOS) | Mon Lien Visio","isPartOf":{"@id":"https:\/\/monlienvisio.fr\/#website"},"primaryImageOfPage":{"@id":"https:\/\/monlienvisio.fr\/latha-orange-association-des-personnes-en-situation-de-handicap-au-travail-ou-en-retraite\/#primaryimage"},"image":{"@id":"https:\/\/monlienvisio.fr\/latha-orange-association-des-personnes-en-situation-de-handicap-au-travail-ou-en-retraite\/#primaryimage"},"thumbnailUrl":"https:\/\/monlienvisio.fr\/wp-content\/uploads\/2023\/10\/Capture-decran-2023-10-02-a-16.35.29.png","datePublished":"2024-07-02T12:22:13+00:00","dateModified":"2025-05-09T06:22:52+00:00","breadcrumb":{"@id":"https:\/\/monlienvisio.fr\/latha-orange-association-des-personnes-en-situation-de-handicap-au-travail-ou-en-retraite\/#breadcrumb"},"inLanguage":"es","potentialAction":[{"@type":"ReadAction","target":["https:\/\/monlienvisio.fr\/latha-orange-association-des-personnes-en-situation-de-handicap-au-travail-ou-en-retraite\/"]}]},{"@type":"ImageObject","inLanguage":"es","@id":"https:\/\/monlienvisio.fr\/latha-orange-association-des-personnes-en-situation-de-handicap-au-travail-ou-en-retraite\/#primaryimage","url":"https:\/\/monlienvisio.fr\/wp-content\/uploads\/2023\/10\/Capture-decran-2023-10-02-a-16.35.29.png","contentUrl":"https:\/\/monlienvisio.fr\/wp-content\/uploads\/2023\/10\/Capture-decran-2023-10-02-a-16.35.29.png","width":636,"height":900},{"@type":"BreadcrumbList","@id":"https:\/\/monlienvisio.fr\/latha-orange-association-des-personnes-en-situation-de-handicap-au-travail-ou-en-retraite\/#breadcrumb","itemListElement":[{"@type":"ListItem","position":1,"name":"Accueil","item":"https:\/\/monlienvisio.fr\/es\/"},{"@type":"ListItem","position":2,"name":"ATHA ORANGE (ASOCIACI\u00d3N DE DISCAPACITADOS EN ACTIVO O JUBILADOS)"}]},{"@type":"WebSite","@id":"https:\/\/monlienvisio.fr\/#website","url":"https:\/\/monlienvisio.fr\/","name":"Mon Lien Visio","description":"Renforcer vos liens avec ceux qui comptent","publisher":{"@id":"https:\/\/monlienvisio.fr\/#organization"},"alternateName":"MLV","potentialAction":[{"@type":"SearchAction","target":{"@type":"EntryPoint","urlTemplate":"https:\/\/monlienvisio.fr\/?s={search_term_string}"},"query-input":{"@type":"PropertyValueSpecification","valueRequired":true,"valueName":"search_term_string"}}],"inLanguage":"es"},{"@type":"Organization","@id":"https:\/\/monlienvisio.fr\/#organization","name":"Mon Lien Visio","alternateName":"MLV","url":"https:\/\/monlienvisio.fr\/","logo":{"@type":"ImageObject","inLanguage":"es","@id":"https:\/\/monlienvisio.fr\/#\/schema\/logo\/image\/","url":"https:\/\/monlienvisio.fr\/wp-content\/uploads\/2025\/03\/logo-MLV-Homelinks-512-x-512.png","contentUrl":"https:\/\/monlienvisio.fr\/wp-content\/uploads\/2025\/03\/logo-MLV-Homelinks-512-x-512.png","width":512,"height":512,"caption":"Mon Lien Visio"},"image":{"@id":"https:\/\/monlienvisio.fr\/#\/schema\/logo\/image\/"},"sameAs":["https:\/\/www.facebook.com\/monlienvisio","https:\/\/x.com\/monlienvisio","https:\/\/www.instagram.com\/monlienvisio\/","https:\/\/www.youtube.com\/channel\/UCSqRapa3VR6QOtwWgtiR-CQ","https:\/\/www.linkedin.com\/company\/monlienvisio\/"]},{"@type":"Person","@id":"https:\/\/monlienvisio.fr\/#\/schema\/person\/c23c5aff4a9836f9f27cd99f4c22be85","name":"admin9923","image":{"@type":"ImageObject","inLanguage":"es","@id":"https:\/\/secure.gravatar.com\/avatar\/68178fff884ab7e86a76129926eb0fd6343c3d415cdfd290f5407562ff78edfa?s=96&d=mm&r=g","url":"https:\/\/secure.gravatar.com\/avatar\/68178fff884ab7e86a76129926eb0fd6343c3d415cdfd290f5407562ff78edfa?s=96&d=mm&r=g","contentUrl":"https:\/\/secure.gravatar.com\/avatar\/68178fff884ab7e86a76129926eb0fd6343c3d415cdfd290f5407562ff78edfa?s=96&d=mm&r=g","caption":"admin9923"},"url":"https:\/\/monlienvisio.fr\/es\/author\/admin9923\/"}]}},"_links":{"self":[{"href":"https:\/\/monlienvisio.fr\/es\/wp-json\/wp\/v2\/posts\/16779","targetHints":{"allow":["GET"]}}],"collection":[{"href":"https:\/\/monlienvisio.fr\/es\/wp-json\/wp\/v2\/posts"}],"about":[{"href":"https:\/\/monlienvisio.fr\/es\/wp-json\/wp\/v2\/types\/post"}],"author":[{"embeddable":true,"href":"https:\/\/monlienvisio.fr\/es\/wp-json\/wp\/v2\/users\/2"}],"replies":[{"embeddable":true,"href":"https:\/\/monlienvisio.fr\/es\/wp-json\/wp\/v2\/comments?post=16779"}],"version-history":[{"count":4,"href":"https:\/\/monlienvisio.fr\/es\/wp-json\/wp\/v2\/posts\/16779\/revisions"}],"predecessor-version":[{"id":17091,"href":"https:\/\/monlienvisio.fr\/es\/wp-json\/wp\/v2\/posts\/16779\/revisions\/17091"}],"wp:featuredmedia":[{"embeddable":true,"href":"https:\/\/monlienvisio.fr\/es\/wp-json\/wp\/v2\/media\/13242"}],"wp:attachment":[{"href":"https:\/\/monlienvisio.fr\/es\/wp-json\/wp\/v2\/media?parent=16779"}],"wp:term":[{"taxonomy":"category","embeddable":true,"href":"https:\/\/monlienvisio.fr\/es\/wp-json\/wp\/v2\/categories?post=16779"},{"taxonomy":"post_tag","embeddable":true,"href":"https:\/\/monlienvisio.fr\/es\/wp-json\/wp\/v2\/tags?post=16779"}],"curies":[{"name":"wp","href":"https:\/\/api.w.org\/{rel}","templated":true}]}}