{"id":16781,"date":"2024-06-02T12:34:18","date_gmt":"2024-06-02T10:34:18","guid":{"rendered":"https:\/\/monlienvisio.fr\/los-cientificos-identifican-un-rasgo-del-habla-que-predice-el-deterioro-cognitivo\/"},"modified":"2025-05-09T08:23:58","modified_gmt":"2025-05-09T06:23:58","slug":"los-cientificos-identifican-un-rasgo-del-habla-que-predice-el-deterioro-cognitivo","status":"publish","type":"post","link":"https:\/\/monlienvisio.fr\/es\/los-cientificos-identifican-un-rasgo-del-habla-que-predice-el-deterioro-cognitivo\/","title":{"rendered":"LOS CIENT\u00cdFICOS IDENTIFICAN UN RASGO DEL HABLA QUE PREDICE EL DETERIORO COGNITIVO"},"content":{"rendered":"\n<p>\u00bfEst\u00e1 la velocidad del habla relacionada con la salud en los adultos mayores? Un estudio sugiere que la velocidad con la que nos comunicamos podr\u00eda ser un indicador fiable del deterioro de nuestras capacidades cognitivas, mediante inteligencia artificial. Un software de inteligencia artificial podr\u00eda detectar signos de enfermedad neurodegenerativa mucho antes de que aparezca.  <\/p>\n\n<p>En nuestra sociedad impulsada por las noticias, la forma en que hablamos revela mucho m\u00e1s que nuestros pensamientos inmediatos. En marzo de 2024, un estudio reciente de la Universidad de Toronto revel\u00f3 una fascinante relaci\u00f3n entre la velocidad del habla y la salud cognitiva en los adultos mayores. \u00bfC\u00f3mo podr\u00eda este v\u00ednculo abrir nuevas oportunidades para la detecci\u00f3n precoz de trastornos cognitivos, a menudo ocultos tras las sutiles variaciones de nuestra comunicaci\u00f3n cotidiana? \u00bfY cu\u00e1les son los procesos subyacentes a este apasionante descubrimiento?   <\/p>\n\n<p>El habla r\u00e1pida: un nuevo signo de salud mental<\/p>\n\n<p>Cuando se trata de controlar nuestra salud cognitiva, la mayor\u00eda de nosotros nos remitimos a pruebas de memoria o a la capacidad para resolver complejos rompecabezas. Sin embargo, seg\u00fan investigadores de la Universidad de Toronto, parece que la velocidad con la que nos comunicamos podr\u00eda ser un indicador m\u00e1s preciso de nuestro estado cognitivo. Este original estudio examin\u00f3 las caracter\u00edsticas del habla de 125 adultos sanos, de edades comprendidas entre los 18 y los 90 a\u00f1os, mediante un software de IA. Seg\u00fan los resultados, la velocidad a la que expresamos nuestros pensamientos est\u00e1 estrechamente relacionada con un deterioro de la capacidad ejecutiva, a menudo asociado a patolog\u00edas como la enfermedad de Alzheimer.   <\/p>\n\n<p>Comprender la interacci\u00f3n entre la cognici\u00f3n y el habla<\/p>\n\n<p>Este hallazgo se investig\u00f3 m\u00e1s a fondo utilizando una tarea innovadora: la prueba de interferencia palabra-imagen. En esta prueba, se expuso a los participantes a im\u00e1genes de objetos comunes, como una escoba, mientras se reproduc\u00eda una palabra de audio similar o diferente. Se observ\u00f3 una ralentizaci\u00f3n general de los procesos cognitivos en los adultos mayores en los tiempos de respuesta a esta tarea, lo que sugiere que las variaciones en la velocidad del habla pueden reflejar un deterioro cognitivo m\u00e1s general que las simples dificultades para encontrar las palabras adecuadas.  <\/p>\n\n<p>El habla espont\u00e1nea y la intensidad de las palabras: herramientas diagn\u00f3sticas eficaces<\/p>\n\n<p>Los cient\u00edficos tambi\u00e9n estudiaron la fluidez verbal, que consiste en producir el mayor n\u00famero posible de palabras de una categor\u00eda espec\u00edfica en un breve espacio de tiempo. En contra de lo que suele aceptarse, el rendimiento en estas tareas no disminuye significativamente con la edad, pero una reducci\u00f3n del rendimiento puede indicar enfermedades neurodegenerativas. Estas pruebas, en las que las palabras se recuperan de forma activa, proporcionan una visi\u00f3n de las funciones ejecutivas y ling\u00fc\u00edsticas del cerebro, sugiriendo \u00e1reas concretas susceptibles de verse afectadas por el deterioro cognitivo.  <\/p>\n\n<p>Avances tecnol\u00f3gicos y perspectivas de futuro<\/p>\n\n<p>Investigadores de la Universidad de Toronto est\u00e1n utilizando tecnolog\u00edas de procesamiento del lenguaje natural, lo que supone un avance respecto a investigaciones anteriores que estudiaban los cambios en el habla de personajes p\u00fablicos diagnosticados de demencia. Estos nuevos enfoques ofrecen la posibilidad de detectar de forma autom\u00e1tica y m\u00e1s sistem\u00e1tica los cambios en el habla, quiz\u00e1 a\u00f1os antes de la aparici\u00f3n de s\u00edntomas m\u00e1s graves. De este modo, este estudio destaca la importancia de la velocidad del habla como indicador sutil pero importante de la salud cognitiva.  <\/p>\n\n<p>Homelinks se ha dise\u00f1ado con expertos en psicoergonom\u00eda y es adecuado para personas con deterioro cognitivo.<\/p>\n","protected":false},"excerpt":{"rendered":"<p>\u00bfEst\u00e1 la velocidad del habla relacionada con la salud en los adultos mayores? Un estudio sugiere que la velocidad con la que nos comunicamos podr\u00eda ser un indicador fiable del deterioro de nuestras capacidades cognitivas, mediante inteligencia artificial. Un software de inteligencia artificial podr\u00eda detectar signos de enfermedad neurodegenerativa mucho antes de que aparezca. En [&hellip;]<\/p>\n","protected":false},"author":2,"featured_media":15575,"comment_status":"open","ping_status":"open","sticky":false,"template":"","format":"standard","meta":{"_acf_changed":false,"_eb_attr":"","footnotes":""},"categories":[249],"tags":[],"class_list":["post-16781","post","type-post","status-publish","format-standard","has-post-thumbnail","hentry","category-articulo-enfermedad"],"acf":[],"yoast_head":"<!-- This site is optimized with the Yoast SEO plugin v27.5 - https:\/\/yoast.com\/product\/yoast-seo-wordpress\/ -->\n<title>LOS CIENT\u00cdFICOS IDENTIFICAN UN RASGO DEL HABLA QUE PREDICE EL DETERIORO COGNITIVO | Mon Lien Visio<\/title>\n<meta name=\"robots\" content=\"index, follow, max-snippet:-1, max-image-preview:large, max-video-preview:-1\" \/>\n<link rel=\"canonical\" href=\"https:\/\/monlienvisio.fr\/les-scientifiques-identifient-un-trait-de-la-parole-qui-predit-le-declin-cognitif\/\" \/>\n<meta property=\"og:locale\" content=\"es_ES\" \/>\n<meta property=\"og:type\" content=\"article\" \/>\n<meta property=\"og:title\" content=\"LOS CIENT\u00cdFICOS IDENTIFICAN UN RASGO DEL HABLA QUE PREDICE EL DETERIORO COGNITIVO | Mon Lien Visio\" \/>\n<meta property=\"og:description\" content=\"\u00bfEst\u00e1 la velocidad del habla relacionada con la salud en los adultos mayores? Un estudio sugiere que la velocidad con la que nos comunicamos podr\u00eda ser un indicador fiable del deterioro de nuestras capacidades cognitivas, mediante inteligencia artificial. Un software de inteligencia artificial podr\u00eda detectar signos de enfermedad neurodegenerativa mucho antes de que aparezca. En [&hellip;]\" \/>\n<meta property=\"og:url\" content=\"https:\/\/monlienvisio.fr\/les-scientifiques-identifient-un-trait-de-la-parole-qui-predit-le-declin-cognitif\/\" \/>\n<meta property=\"og:site_name\" content=\"Mon Lien Visio\" \/>\n<meta property=\"article:publisher\" content=\"https:\/\/www.facebook.com\/monlienvisio\" \/>\n<meta property=\"article:published_time\" content=\"2024-06-02T10:34:18+00:00\" \/>\n<meta property=\"article:modified_time\" content=\"2025-05-09T06:23:58+00:00\" \/>\n<meta property=\"og:image\" content=\"https:\/\/monlienvisio.fr\/wp-content\/uploads\/2024\/07\/Capture-decran-2024-07-22-a-09.55.57.webp\" \/>\n\t<meta property=\"og:image:width\" content=\"1246\" \/>\n\t<meta property=\"og:image:height\" content=\"846\" \/>\n\t<meta property=\"og:image:type\" content=\"image\/webp\" \/>\n<meta name=\"author\" content=\"admin9923\" \/>\n<meta name=\"twitter:card\" content=\"summary_large_image\" \/>\n<meta name=\"twitter:creator\" content=\"@monlienvisio\" \/>\n<meta name=\"twitter:site\" content=\"@monlienvisio\" \/>\n<meta name=\"twitter:label1\" content=\"Escrito por\" \/>\n\t<meta name=\"twitter:data1\" content=\"admin9923\" \/>\n\t<meta name=\"twitter:label2\" content=\"Tiempo de lectura\" \/>\n\t<meta name=\"twitter:data2\" content=\"3 minutos\" \/>\n<script type=\"application\/ld+json\" class=\"yoast-schema-graph\">{\"@context\":\"https:\\\/\\\/schema.org\",\"@graph\":[{\"@type\":\"Article\",\"@id\":\"https:\\\/\\\/monlienvisio.fr\\\/les-scientifiques-identifient-un-trait-de-la-parole-qui-predit-le-declin-cognitif\\\/#article\",\"isPartOf\":{\"@id\":\"https:\\\/\\\/monlienvisio.fr\\\/les-scientifiques-identifient-un-trait-de-la-parole-qui-predit-le-declin-cognitif\\\/\"},\"author\":{\"name\":\"admin9923\",\"@id\":\"https:\\\/\\\/monlienvisio.fr\\\/#\\\/schema\\\/person\\\/c23c5aff4a9836f9f27cd99f4c22be85\"},\"headline\":\"LOS CIENT\u00cdFICOS IDENTIFICAN UN RASGO DEL HABLA QUE PREDICE EL DETERIORO COGNITIVO\",\"datePublished\":\"2024-06-02T10:34:18+00:00\",\"dateModified\":\"2025-05-09T06:23:58+00:00\",\"mainEntityOfPage\":{\"@id\":\"https:\\\/\\\/monlienvisio.fr\\\/les-scientifiques-identifient-un-trait-de-la-parole-qui-predit-le-declin-cognitif\\\/\"},\"wordCount\":624,\"commentCount\":0,\"publisher\":{\"@id\":\"https:\\\/\\\/monlienvisio.fr\\\/#organization\"},\"image\":{\"@id\":\"https:\\\/\\\/monlienvisio.fr\\\/les-scientifiques-identifient-un-trait-de-la-parole-qui-predit-le-declin-cognitif\\\/#primaryimage\"},\"thumbnailUrl\":\"https:\\\/\\\/monlienvisio.fr\\\/wp-content\\\/uploads\\\/2024\\\/07\\\/Capture-decran-2024-07-22-a-09.55.57.webp\",\"articleSection\":[\"Art\u00edculo - Enfermedad\"],\"inLanguage\":\"es\",\"potentialAction\":[{\"@type\":\"CommentAction\",\"name\":\"Comment\",\"target\":[\"https:\\\/\\\/monlienvisio.fr\\\/les-scientifiques-identifient-un-trait-de-la-parole-qui-predit-le-declin-cognitif\\\/#respond\"]}]},{\"@type\":\"WebPage\",\"@id\":\"https:\\\/\\\/monlienvisio.fr\\\/les-scientifiques-identifient-un-trait-de-la-parole-qui-predit-le-declin-cognitif\\\/\",\"url\":\"https:\\\/\\\/monlienvisio.fr\\\/les-scientifiques-identifient-un-trait-de-la-parole-qui-predit-le-declin-cognitif\\\/\",\"name\":\"LOS CIENT\u00cdFICOS IDENTIFICAN UN RASGO DEL HABLA QUE PREDICE EL DETERIORO COGNITIVO | Mon Lien Visio\",\"isPartOf\":{\"@id\":\"https:\\\/\\\/monlienvisio.fr\\\/#website\"},\"primaryImageOfPage\":{\"@id\":\"https:\\\/\\\/monlienvisio.fr\\\/les-scientifiques-identifient-un-trait-de-la-parole-qui-predit-le-declin-cognitif\\\/#primaryimage\"},\"image\":{\"@id\":\"https:\\\/\\\/monlienvisio.fr\\\/les-scientifiques-identifient-un-trait-de-la-parole-qui-predit-le-declin-cognitif\\\/#primaryimage\"},\"thumbnailUrl\":\"https:\\\/\\\/monlienvisio.fr\\\/wp-content\\\/uploads\\\/2024\\\/07\\\/Capture-decran-2024-07-22-a-09.55.57.webp\",\"datePublished\":\"2024-06-02T10:34:18+00:00\",\"dateModified\":\"2025-05-09T06:23:58+00:00\",\"breadcrumb\":{\"@id\":\"https:\\\/\\\/monlienvisio.fr\\\/les-scientifiques-identifient-un-trait-de-la-parole-qui-predit-le-declin-cognitif\\\/#breadcrumb\"},\"inLanguage\":\"es\",\"potentialAction\":[{\"@type\":\"ReadAction\",\"target\":[\"https:\\\/\\\/monlienvisio.fr\\\/les-scientifiques-identifient-un-trait-de-la-parole-qui-predit-le-declin-cognitif\\\/\"]}]},{\"@type\":\"ImageObject\",\"inLanguage\":\"es\",\"@id\":\"https:\\\/\\\/monlienvisio.fr\\\/les-scientifiques-identifient-un-trait-de-la-parole-qui-predit-le-declin-cognitif\\\/#primaryimage\",\"url\":\"https:\\\/\\\/monlienvisio.fr\\\/wp-content\\\/uploads\\\/2024\\\/07\\\/Capture-decran-2024-07-22-a-09.55.57.webp\",\"contentUrl\":\"https:\\\/\\\/monlienvisio.fr\\\/wp-content\\\/uploads\\\/2024\\\/07\\\/Capture-decran-2024-07-22-a-09.55.57.webp\",\"width\":1246,\"height\":846},{\"@type\":\"BreadcrumbList\",\"@id\":\"https:\\\/\\\/monlienvisio.fr\\\/les-scientifiques-identifient-un-trait-de-la-parole-qui-predit-le-declin-cognitif\\\/#breadcrumb\",\"itemListElement\":[{\"@type\":\"ListItem\",\"position\":1,\"name\":\"Accueil\",\"item\":\"https:\\\/\\\/monlienvisio.fr\\\/es\\\/\"},{\"@type\":\"ListItem\",\"position\":2,\"name\":\"LOS CIENT\u00cdFICOS IDENTIFICAN UN RASGO DEL HABLA QUE PREDICE EL DETERIORO COGNITIVO\"}]},{\"@type\":\"WebSite\",\"@id\":\"https:\\\/\\\/monlienvisio.fr\\\/#website\",\"url\":\"https:\\\/\\\/monlienvisio.fr\\\/\",\"name\":\"Mon Lien Visio\",\"description\":\"Renforcer vos liens avec ceux qui comptent\",\"publisher\":{\"@id\":\"https:\\\/\\\/monlienvisio.fr\\\/#organization\"},\"alternateName\":\"MLV\",\"potentialAction\":[{\"@type\":\"SearchAction\",\"target\":{\"@type\":\"EntryPoint\",\"urlTemplate\":\"https:\\\/\\\/monlienvisio.fr\\\/?s={search_term_string}\"},\"query-input\":{\"@type\":\"PropertyValueSpecification\",\"valueRequired\":true,\"valueName\":\"search_term_string\"}}],\"inLanguage\":\"es\"},{\"@type\":\"Organization\",\"@id\":\"https:\\\/\\\/monlienvisio.fr\\\/#organization\",\"name\":\"Mon Lien Visio\",\"alternateName\":\"MLV\",\"url\":\"https:\\\/\\\/monlienvisio.fr\\\/\",\"logo\":{\"@type\":\"ImageObject\",\"inLanguage\":\"es\",\"@id\":\"https:\\\/\\\/monlienvisio.fr\\\/#\\\/schema\\\/logo\\\/image\\\/\",\"url\":\"https:\\\/\\\/monlienvisio.fr\\\/wp-content\\\/uploads\\\/2025\\\/03\\\/logo-MLV-Homelinks-512-x-512.png\",\"contentUrl\":\"https:\\\/\\\/monlienvisio.fr\\\/wp-content\\\/uploads\\\/2025\\\/03\\\/logo-MLV-Homelinks-512-x-512.png\",\"width\":512,\"height\":512,\"caption\":\"Mon Lien Visio\"},\"image\":{\"@id\":\"https:\\\/\\\/monlienvisio.fr\\\/#\\\/schema\\\/logo\\\/image\\\/\"},\"sameAs\":[\"https:\\\/\\\/www.facebook.com\\\/monlienvisio\",\"https:\\\/\\\/x.com\\\/monlienvisio\",\"https:\\\/\\\/www.instagram.com\\\/monlienvisio\\\/\",\"https:\\\/\\\/www.youtube.com\\\/channel\\\/UCSqRapa3VR6QOtwWgtiR-CQ\",\"https:\\\/\\\/www.linkedin.com\\\/company\\\/monlienvisio\\\/\"]},{\"@type\":\"Person\",\"@id\":\"https:\\\/\\\/monlienvisio.fr\\\/#\\\/schema\\\/person\\\/c23c5aff4a9836f9f27cd99f4c22be85\",\"name\":\"admin9923\",\"image\":{\"@type\":\"ImageObject\",\"inLanguage\":\"es\",\"@id\":\"https:\\\/\\\/secure.gravatar.com\\\/avatar\\\/68178fff884ab7e86a76129926eb0fd6343c3d415cdfd290f5407562ff78edfa?s=96&d=mm&r=g\",\"url\":\"https:\\\/\\\/secure.gravatar.com\\\/avatar\\\/68178fff884ab7e86a76129926eb0fd6343c3d415cdfd290f5407562ff78edfa?s=96&d=mm&r=g\",\"contentUrl\":\"https:\\\/\\\/secure.gravatar.com\\\/avatar\\\/68178fff884ab7e86a76129926eb0fd6343c3d415cdfd290f5407562ff78edfa?s=96&d=mm&r=g\",\"caption\":\"admin9923\"},\"url\":\"https:\\\/\\\/monlienvisio.fr\\\/es\\\/author\\\/admin9923\\\/\"}]}<\/script>\n<!-- \/ Yoast SEO plugin. -->","yoast_head_json":{"title":"LOS CIENT\u00cdFICOS IDENTIFICAN UN RASGO DEL HABLA QUE PREDICE EL DETERIORO COGNITIVO | Mon Lien Visio","robots":{"index":"index","follow":"follow","max-snippet":"max-snippet:-1","max-image-preview":"max-image-preview:large","max-video-preview":"max-video-preview:-1"},"canonical":"https:\/\/monlienvisio.fr\/les-scientifiques-identifient-un-trait-de-la-parole-qui-predit-le-declin-cognitif\/","og_locale":"es_ES","og_type":"article","og_title":"LOS CIENT\u00cdFICOS IDENTIFICAN UN RASGO DEL HABLA QUE PREDICE EL DETERIORO COGNITIVO | Mon Lien Visio","og_description":"\u00bfEst\u00e1 la velocidad del habla relacionada con la salud en los adultos mayores? Un estudio sugiere que la velocidad con la que nos comunicamos podr\u00eda ser un indicador fiable del deterioro de nuestras capacidades cognitivas, mediante inteligencia artificial. Un software de inteligencia artificial podr\u00eda detectar signos de enfermedad neurodegenerativa mucho antes de que aparezca. En [&hellip;]","og_url":"https:\/\/monlienvisio.fr\/les-scientifiques-identifient-un-trait-de-la-parole-qui-predit-le-declin-cognitif\/","og_site_name":"Mon Lien Visio","article_publisher":"https:\/\/www.facebook.com\/monlienvisio","article_published_time":"2024-06-02T10:34:18+00:00","article_modified_time":"2025-05-09T06:23:58+00:00","og_image":[{"width":1246,"height":846,"url":"https:\/\/monlienvisio.fr\/wp-content\/uploads\/2024\/07\/Capture-decran-2024-07-22-a-09.55.57.webp","type":"image\/webp"}],"author":"admin9923","twitter_card":"summary_large_image","twitter_creator":"@monlienvisio","twitter_site":"@monlienvisio","twitter_misc":{"Escrito por":"admin9923","Tiempo de lectura":"3 minutos"},"schema":{"@context":"https:\/\/schema.org","@graph":[{"@type":"Article","@id":"https:\/\/monlienvisio.fr\/les-scientifiques-identifient-un-trait-de-la-parole-qui-predit-le-declin-cognitif\/#article","isPartOf":{"@id":"https:\/\/monlienvisio.fr\/les-scientifiques-identifient-un-trait-de-la-parole-qui-predit-le-declin-cognitif\/"},"author":{"name":"admin9923","@id":"https:\/\/monlienvisio.fr\/#\/schema\/person\/c23c5aff4a9836f9f27cd99f4c22be85"},"headline":"LOS CIENT\u00cdFICOS IDENTIFICAN UN RASGO DEL HABLA QUE PREDICE EL DETERIORO COGNITIVO","datePublished":"2024-06-02T10:34:18+00:00","dateModified":"2025-05-09T06:23:58+00:00","mainEntityOfPage":{"@id":"https:\/\/monlienvisio.fr\/les-scientifiques-identifient-un-trait-de-la-parole-qui-predit-le-declin-cognitif\/"},"wordCount":624,"commentCount":0,"publisher":{"@id":"https:\/\/monlienvisio.fr\/#organization"},"image":{"@id":"https:\/\/monlienvisio.fr\/les-scientifiques-identifient-un-trait-de-la-parole-qui-predit-le-declin-cognitif\/#primaryimage"},"thumbnailUrl":"https:\/\/monlienvisio.fr\/wp-content\/uploads\/2024\/07\/Capture-decran-2024-07-22-a-09.55.57.webp","articleSection":["Art\u00edculo - Enfermedad"],"inLanguage":"es","potentialAction":[{"@type":"CommentAction","name":"Comment","target":["https:\/\/monlienvisio.fr\/les-scientifiques-identifient-un-trait-de-la-parole-qui-predit-le-declin-cognitif\/#respond"]}]},{"@type":"WebPage","@id":"https:\/\/monlienvisio.fr\/les-scientifiques-identifient-un-trait-de-la-parole-qui-predit-le-declin-cognitif\/","url":"https:\/\/monlienvisio.fr\/les-scientifiques-identifient-un-trait-de-la-parole-qui-predit-le-declin-cognitif\/","name":"LOS CIENT\u00cdFICOS IDENTIFICAN UN RASGO DEL HABLA QUE PREDICE EL DETERIORO COGNITIVO | Mon Lien Visio","isPartOf":{"@id":"https:\/\/monlienvisio.fr\/#website"},"primaryImageOfPage":{"@id":"https:\/\/monlienvisio.fr\/les-scientifiques-identifient-un-trait-de-la-parole-qui-predit-le-declin-cognitif\/#primaryimage"},"image":{"@id":"https:\/\/monlienvisio.fr\/les-scientifiques-identifient-un-trait-de-la-parole-qui-predit-le-declin-cognitif\/#primaryimage"},"thumbnailUrl":"https:\/\/monlienvisio.fr\/wp-content\/uploads\/2024\/07\/Capture-decran-2024-07-22-a-09.55.57.webp","datePublished":"2024-06-02T10:34:18+00:00","dateModified":"2025-05-09T06:23:58+00:00","breadcrumb":{"@id":"https:\/\/monlienvisio.fr\/les-scientifiques-identifient-un-trait-de-la-parole-qui-predit-le-declin-cognitif\/#breadcrumb"},"inLanguage":"es","potentialAction":[{"@type":"ReadAction","target":["https:\/\/monlienvisio.fr\/les-scientifiques-identifient-un-trait-de-la-parole-qui-predit-le-declin-cognitif\/"]}]},{"@type":"ImageObject","inLanguage":"es","@id":"https:\/\/monlienvisio.fr\/les-scientifiques-identifient-un-trait-de-la-parole-qui-predit-le-declin-cognitif\/#primaryimage","url":"https:\/\/monlienvisio.fr\/wp-content\/uploads\/2024\/07\/Capture-decran-2024-07-22-a-09.55.57.webp","contentUrl":"https:\/\/monlienvisio.fr\/wp-content\/uploads\/2024\/07\/Capture-decran-2024-07-22-a-09.55.57.webp","width":1246,"height":846},{"@type":"BreadcrumbList","@id":"https:\/\/monlienvisio.fr\/les-scientifiques-identifient-un-trait-de-la-parole-qui-predit-le-declin-cognitif\/#breadcrumb","itemListElement":[{"@type":"ListItem","position":1,"name":"Accueil","item":"https:\/\/monlienvisio.fr\/es\/"},{"@type":"ListItem","position":2,"name":"LOS CIENT\u00cdFICOS IDENTIFICAN UN RASGO DEL HABLA QUE PREDICE EL DETERIORO COGNITIVO"}]},{"@type":"WebSite","@id":"https:\/\/monlienvisio.fr\/#website","url":"https:\/\/monlienvisio.fr\/","name":"Mon Lien Visio","description":"Renforcer vos liens avec ceux qui comptent","publisher":{"@id":"https:\/\/monlienvisio.fr\/#organization"},"alternateName":"MLV","potentialAction":[{"@type":"SearchAction","target":{"@type":"EntryPoint","urlTemplate":"https:\/\/monlienvisio.fr\/?s={search_term_string}"},"query-input":{"@type":"PropertyValueSpecification","valueRequired":true,"valueName":"search_term_string"}}],"inLanguage":"es"},{"@type":"Organization","@id":"https:\/\/monlienvisio.fr\/#organization","name":"Mon Lien Visio","alternateName":"MLV","url":"https:\/\/monlienvisio.fr\/","logo":{"@type":"ImageObject","inLanguage":"es","@id":"https:\/\/monlienvisio.fr\/#\/schema\/logo\/image\/","url":"https:\/\/monlienvisio.fr\/wp-content\/uploads\/2025\/03\/logo-MLV-Homelinks-512-x-512.png","contentUrl":"https:\/\/monlienvisio.fr\/wp-content\/uploads\/2025\/03\/logo-MLV-Homelinks-512-x-512.png","width":512,"height":512,"caption":"Mon Lien Visio"},"image":{"@id":"https:\/\/monlienvisio.fr\/#\/schema\/logo\/image\/"},"sameAs":["https:\/\/www.facebook.com\/monlienvisio","https:\/\/x.com\/monlienvisio","https:\/\/www.instagram.com\/monlienvisio\/","https:\/\/www.youtube.com\/channel\/UCSqRapa3VR6QOtwWgtiR-CQ","https:\/\/www.linkedin.com\/company\/monlienvisio\/"]},{"@type":"Person","@id":"https:\/\/monlienvisio.fr\/#\/schema\/person\/c23c5aff4a9836f9f27cd99f4c22be85","name":"admin9923","image":{"@type":"ImageObject","inLanguage":"es","@id":"https:\/\/secure.gravatar.com\/avatar\/68178fff884ab7e86a76129926eb0fd6343c3d415cdfd290f5407562ff78edfa?s=96&d=mm&r=g","url":"https:\/\/secure.gravatar.com\/avatar\/68178fff884ab7e86a76129926eb0fd6343c3d415cdfd290f5407562ff78edfa?s=96&d=mm&r=g","contentUrl":"https:\/\/secure.gravatar.com\/avatar\/68178fff884ab7e86a76129926eb0fd6343c3d415cdfd290f5407562ff78edfa?s=96&d=mm&r=g","caption":"admin9923"},"url":"https:\/\/monlienvisio.fr\/es\/author\/admin9923\/"}]}},"_links":{"self":[{"href":"https:\/\/monlienvisio.fr\/es\/wp-json\/wp\/v2\/posts\/16781","targetHints":{"allow":["GET"]}}],"collection":[{"href":"https:\/\/monlienvisio.fr\/es\/wp-json\/wp\/v2\/posts"}],"about":[{"href":"https:\/\/monlienvisio.fr\/es\/wp-json\/wp\/v2\/types\/post"}],"author":[{"embeddable":true,"href":"https:\/\/monlienvisio.fr\/es\/wp-json\/wp\/v2\/users\/2"}],"replies":[{"embeddable":true,"href":"https:\/\/monlienvisio.fr\/es\/wp-json\/wp\/v2\/comments?post=16781"}],"version-history":[{"count":4,"href":"https:\/\/monlienvisio.fr\/es\/wp-json\/wp\/v2\/posts\/16781\/revisions"}],"predecessor-version":[{"id":17093,"href":"https:\/\/monlienvisio.fr\/es\/wp-json\/wp\/v2\/posts\/16781\/revisions\/17093"}],"wp:featuredmedia":[{"embeddable":true,"href":"https:\/\/monlienvisio.fr\/es\/wp-json\/wp\/v2\/media\/15575"}],"wp:attachment":[{"href":"https:\/\/monlienvisio.fr\/es\/wp-json\/wp\/v2\/media?parent=16781"}],"wp:term":[{"taxonomy":"category","embeddable":true,"href":"https:\/\/monlienvisio.fr\/es\/wp-json\/wp\/v2\/categories?post=16781"},{"taxonomy":"post_tag","embeddable":true,"href":"https:\/\/monlienvisio.fr\/es\/wp-json\/wp\/v2\/tags?post=16781"}],"curies":[{"name":"wp","href":"https:\/\/api.w.org\/{rel}","templated":true}]}}