{"id":16800,"date":"2024-03-28T16:31:28","date_gmt":"2024-03-28T15:31:28","guid":{"rendered":"https:\/\/monlienvisio.fr\/el-aislamiento-de-los-inquilinos-mayores-en-los-bloques-de-pisos-un-reto-ante-el-uso-exclusivo-de-la-tecnologia-digital-por-parte-de-los-propietarios\/"},"modified":"2025-05-09T08:29:27","modified_gmt":"2025-05-09T06:29:27","slug":"el-aislamiento-de-los-inquilinos-mayores-en-los-bloques-de-pisos-un-reto-ante-el-uso-exclusivo-de-la-tecnologia-digital-por-parte-de-los-propietarios","status":"publish","type":"post","link":"https:\/\/monlienvisio.fr\/es\/el-aislamiento-de-los-inquilinos-mayores-en-los-bloques-de-pisos-un-reto-ante-el-uso-exclusivo-de-la-tecnologia-digital-por-parte-de-los-propietarios\/","title":{"rendered":"EL AISLAMIENTO DE LOS INQUILINOS MAYORES EN LOS BLOQUES DE PISOS: UN RETO ANTE EL USO EXCLUSIVO DE LA TECNOLOG\u00cdA DIGITAL POR PARTE DE LOS PROPIETARIOS"},"content":{"rendered":"\t\t<div data-elementor-type=\"wp-post\" data-elementor-id=\"16800\" class=\"elementor elementor-16800 elementor-9877\">\n\t\t\t\t\t\t<section class=\"elementor-section elementor-top-section elementor-element elementor-element-62bb0940 elementor-section-boxed elementor-section-height-default elementor-section-height-default\" data-id=\"62bb0940\" data-element_type=\"section\" data-e-type=\"section\">\n\t\t\t\t\t\t<div class=\"elementor-container elementor-column-gap-default\">\n\t\t\t\t\t<div class=\"elementor-column elementor-col-100 elementor-top-column elementor-element elementor-element-4fff7cce\" data-id=\"4fff7cce\" data-element_type=\"column\" data-e-type=\"column\">\n\t\t\t<div class=\"elementor-widget-wrap elementor-element-populated\">\n\t\t\t\t\t\t<div class=\"elementor-element elementor-element-123d18c7 elementor-widget elementor-widget-text-editor\" data-id=\"123d18c7\" data-element_type=\"widget\" data-e-type=\"widget\" data-widget_type=\"text-editor.default\">\n\t\t\t\t<div class=\"elementor-widget-container\">\n\t\t\t\t\t\t\t\t\t<p><\/p>\n<p><span style=\"font-family: accessible-dfa-regul;\">El aislamiento de las personas mayores es un problema social creciente, y una de las causas que a menudo se pasa por alto es la forma en que los propietarios se comunican con sus inquilinos ancianos. Aunque la transici\u00f3n digital ha facilitado la gesti\u00f3n inmobiliaria, tambi\u00e9n ha dificultado a\u00fan m\u00e1s el acceso a la informaci\u00f3n y los servicios para una parte importante de la poblaci\u00f3n mayor, sobre todo la que vive en bloques de pisos. La falta de soluciones de comunicaci\u00f3n alternativas adecuadas puede provocar un profundo aislamiento, a menudo agravado por la falta de interacci\u00f3n humana en la vida cotidiana.  <\/span><\/p><h3><span style=\"font-family: accessible-dfa-regul;\">Comunicaci\u00f3n digital cada vez m\u00e1s exclusiva<\/span><\/h3><p><span style=\"font-family: accessible-dfa-regul;\">Cada vez m\u00e1s propietarios, ya sean privados, p\u00fablicos o administradores de fincas a gran escala, recurren a la tecnolog\u00eda digital para gestionar sus propiedades. Todo, desde las ofertas de vivienda y la informaci\u00f3n pr\u00e1ctica hasta las actualizaciones del estado de las propiedades, los procedimientos administrativos e incluso la gesti\u00f3n de los pagos, se hace ahora sin papel. Esta evoluci\u00f3n, en gran medida beneficiosa en una sociedad digital, plantea sin embargo un gran problema a las personas mayores, sobre todo a las que alquilan viviendas en bloques de pisos.  <\/span><\/p><p><span style=\"font-family: accessible-dfa-regul;\">Los residentes de m\u00e1s edad, que suelen estar menos familiarizados con las herramientas digitales, pueden verse excluidos. Para ellos, acceder a un portal de alquiler online o recibir una notificaci\u00f3n por correo electr\u00f3nico no es una opci\u00f3n viable. Muchos de ellos no tienen el equipo necesario, o simplemente no saben c\u00f3mo utilizarlo, ya sea para comprobar su alquiler, informar de una aver\u00eda o incluso participar en reuniones de copropiedad. Esta brecha digital les priva no s\u00f3lo de informaci\u00f3n esencial, sino tambi\u00e9n de un v\u00ednculo social que, m\u00e1s all\u00e1 del aspecto funcional, tiene una dimensi\u00f3n humana fundamental.   <\/span><\/p><h3><span style=\"font-family: accessible-dfa-regul;\">El impacto del aislamiento en el bienestar de las personas mayores<\/span><\/h3><p><span style=\"font-family: accessible-dfa-regul;\">El aislamiento, tanto social como digital, tiene un impacto directo en la calidad de vida de las personas mayores. Sin una comunicaci\u00f3n f\u00e1cil y accesible con su casero, los mayores corren el riesgo de sentirse invisibles y desatendidos. Una persona mayor que no pueda resolver una simple aver\u00eda en su vivienda, o que no reciba informaci\u00f3n sobre la gesti\u00f3n del edificio, como obras previstas o cambios en el reglamento de copropiedad, puede sentirse r\u00e1pidamente excluida o incluso abandonada.  <\/span><\/p><p><span style=\"font-family: accessible-dfa-regul;\">El aislamiento digital tambi\u00e9n agrava el aislamiento social al reducir las oportunidades de interacci\u00f3n, incluso a distancia. Cuando la \u00fanica forma de comunicaci\u00f3n con el propietario es el correo electr\u00f3nico o un formulario en l\u00ednea, muchas personas mayores, que ya son vulnerables, se ven incapaces de buscar la ayuda que necesitan. Sin contacto humano directo, pueden sentirse r\u00e1pidamente ignorados y desconectados de la vida del edificio, lo que les provoca sentimientos de inutilidad e incluso problemas de salud mental como la depresi\u00f3n.  <\/span><\/p><h3><span style=\"font-family: accessible-dfa-regul;\">Soluciones a poner en marcha<\/span><\/h3><p><span style=\"font-family: accessible-dfa-regul;\">Es esencial que los propietarios y los administradores de fincas tomen conciencia de este problema y pongan en marcha soluciones adecuadas para garantizar una comunicaci\u00f3n integradora. He aqu\u00ed algunas ideas para superar esta deficiencia: <\/span><\/p><ol><li><p><span style=\"font-family: accessible-dfa-regul;\"><strong>Multicanal: Diversificar los canales de comunicaci\u00f3n<\/strong><\/span><br><span style=\"font-family: accessible-dfa-regul;\">Adem\u00e1s de las herramientas digitales, es vital mantener los canales tradicionales de comunicaci\u00f3n: correo, llamadas telef\u00f3nicas, incluso visitas a domicilio en algunos casos. Los administradores de edificios pueden organizar encuentros personales o a intervalos regulares con sus inquilinos m\u00e1s antiguos para responder a cualquier pregunta que puedan tener. <\/span><\/p><\/li><li><p><span style=\"font-family: accessible-dfa-regul;\"><strong>Soporte digital<\/strong><\/span><br><span style=\"font-family: accessible-dfa-regul;\">La creaci\u00f3n de servicios de apoyo al uso de herramientas digitales, como talleres o sesiones de formaci\u00f3n, puede ayudar a las personas mayores a familiarizarse con las tecnolog\u00edas. Esto les permitir\u00eda acceder m\u00e1s f\u00e1cilmente a la informaci\u00f3n en l\u00ednea, manteniendo al mismo tiempo un v\u00ednculo con su gestor. <\/span><\/p><\/li><li><p><span style=\"font-family: accessible-dfa-regul;\"><strong>Creaci\u00f3n de un equipo dedicado a ayudar a las personas mayores<\/strong><\/span><br><span style=\"font-family: accessible-dfa-regul;\">Para los inquilinos especialmente vulnerables, podr\u00edan crearse personas de contacto especializadas, formadas para tratar con este grupo de edad. Estas personas se encargar\u00edan de comunicarse con los mayores de forma personalizada, responder a sus necesidades y ayudarles con sus tr\u00e1mites administrativos. <\/span><\/p><\/li><li><p><span style=\"font-family: accessible-dfa-regul;\"><strong>Reforzar los v\u00ednculos comunitarios dentro de los edificios<\/strong><\/span><br><span style=\"font-family: accessible-dfa-regul;\">Tambi\u00e9n es crucial promover iniciativas que animen a los mayores a socializar dentro del edificio. Los actos peri\u00f3dicos, los grupos de debate o incluso los voluntarios que visitan a los inquilinos mayores pueden ayudar a combatir el aislamiento social. <\/span><\/p><\/li><\/ol><h3><span style=\"font-family: accessible-dfa-regul;\">Conclusi\u00f3n<\/span><\/h3><p><span style=\"font-family: accessible-dfa-regul;\">El problema del aislamiento de los inquilinos mayores en los bloques de pisos, agravado por una comunicaci\u00f3n exclusivamente digital, exige una sensibilizaci\u00f3n y una acci\u00f3n proactiva por parte de los propietarios y los gestores de los edificios. Diversificando los canales de comunicaci\u00f3n y situando a las personas en el centro de la gesti\u00f3n del alquiler, es posible reducir este aislamiento y mejorar el bienestar de las personas mayores, ofreci\u00e9ndoles una soluci\u00f3n pr\u00e1ctica, respetuosa e integradora. Para que la transici\u00f3n digital sea realmente beneficiosa para todos, debe llevarse a cabo respetando las necesidades y realidades de cada inquilino, sea cual sea su edad.  <\/span><\/p><p><span style=\"color: #f99001;\">Mon Lien Visio es un servicio a disposici\u00f3n de todos los arrendadores, que les permite comunicarse con sus inquilinos mayores en colaboraci\u00f3n con sus equipos y cuidadores in situ.<\/span><\/p>\n<p><\/p>\n<p><\/p>\t\t\t\t\t\t\t\t<\/div>\n\t\t\t\t<\/div>\n\t\t\t\t\t<\/div>\n\t\t<\/div>\n\t\t\t\t\t<\/div>\n\t\t<\/section>\n\t\t\t\t<\/div>\n\t\t","protected":false},"excerpt":{"rendered":"<p>El aislamiento de las personas mayores es un problema social creciente, y una de las causas que a menudo se pasa por alto es la forma en que los propietarios se comunican con sus inquilinos ancianos. Aunque la transici\u00f3n digital ha facilitado la gesti\u00f3n inmobiliaria, tambi\u00e9n ha dificultado a\u00fan m\u00e1s el acceso a la informaci\u00f3n [&hellip;]<\/p>\n","protected":false},"author":2,"featured_media":16065,"comment_status":"open","ping_status":"open","sticky":false,"template":"","format":"standard","meta":{"_acf_changed":false,"_eb_attr":"","footnotes":""},"categories":[243],"tags":[],"class_list":["post-16800","post","type-post","status-publish","format-standard","has-post-thumbnail","hentry","category-articulo-aislamiento-es"],"acf":[],"yoast_head":"<!-- This site is optimized with the Yoast SEO plugin v27.5 - https:\/\/yoast.com\/product\/yoast-seo-wordpress\/ -->\n<title>EL AISLAMIENTO DE LOS INQUILINOS MAYORES EN LOS BLOQUES DE PISOS: UN RETO ANTE EL USO EXCLUSIVO DE LA TECNOLOG\u00cdA DIGITAL POR PARTE DE LOS PROPIETARIOS | Mon Lien Visio<\/title>\n<meta name=\"robots\" content=\"index, follow, max-snippet:-1, max-image-preview:large, max-video-preview:-1\" \/>\n<link rel=\"canonical\" href=\"https:\/\/monlienvisio.fr\/es\/el-aislamiento-de-los-inquilinos-mayores-en-los-bloques-de-pisos-un-reto-ante-el-uso-exclusivo-de-la-tecnologia-digital-por-parte-de-los-propietarios\/\" \/>\n<meta property=\"og:locale\" content=\"es_ES\" \/>\n<meta property=\"og:type\" content=\"article\" \/>\n<meta property=\"og:title\" content=\"EL AISLAMIENTO DE LOS INQUILINOS MAYORES EN LOS BLOQUES DE PISOS: UN RETO ANTE EL USO EXCLUSIVO DE LA TECNOLOG\u00cdA DIGITAL POR PARTE DE LOS PROPIETARIOS | Mon Lien Visio\" \/>\n<meta property=\"og:description\" content=\"El aislamiento de las personas mayores es un problema social creciente, y una de las causas que a menudo se pasa por alto es la forma en que los propietarios se comunican con sus inquilinos ancianos. Aunque la transici\u00f3n digital ha facilitado la gesti\u00f3n inmobiliaria, tambi\u00e9n ha dificultado a\u00fan m\u00e1s el acceso a la informaci\u00f3n [&hellip;]\" \/>\n<meta property=\"og:url\" content=\"https:\/\/monlienvisio.fr\/es\/el-aislamiento-de-los-inquilinos-mayores-en-los-bloques-de-pisos-un-reto-ante-el-uso-exclusivo-de-la-tecnologia-digital-por-parte-de-los-propietarios\/\" \/>\n<meta property=\"og:site_name\" content=\"Mon Lien Visio\" \/>\n<meta property=\"article:publisher\" content=\"https:\/\/www.facebook.com\/monlienvisio\" \/>\n<meta property=\"article:published_time\" content=\"2024-03-28T15:31:28+00:00\" \/>\n<meta property=\"article:modified_time\" content=\"2025-05-09T06:29:27+00:00\" \/>\n<meta property=\"og:image\" content=\"https:\/\/monlienvisio.fr\/wp-content\/uploads\/2024\/12\/Capture-decran-2024-12-02-a-08.37.21-1024x669.png\" \/>\n\t<meta property=\"og:image:width\" content=\"1024\" \/>\n\t<meta property=\"og:image:height\" content=\"669\" \/>\n\t<meta property=\"og:image:type\" content=\"image\/png\" \/>\n<meta name=\"author\" content=\"admin9923\" \/>\n<meta name=\"twitter:card\" content=\"summary_large_image\" \/>\n<meta name=\"twitter:creator\" content=\"@monlienvisio\" \/>\n<meta name=\"twitter:site\" content=\"@monlienvisio\" \/>\n<meta name=\"twitter:label1\" content=\"Escrito por\" \/>\n\t<meta name=\"twitter:data1\" content=\"admin9923\" \/>\n\t<meta name=\"twitter:label2\" content=\"Tiempo de lectura\" \/>\n\t<meta name=\"twitter:data2\" content=\"5 minutos\" \/>\n<script type=\"application\/ld+json\" class=\"yoast-schema-graph\">{\"@context\":\"https:\\\/\\\/schema.org\",\"@graph\":[{\"@type\":\"Article\",\"@id\":\"https:\\\/\\\/monlienvisio.fr\\\/es\\\/el-aislamiento-de-los-inquilinos-mayores-en-los-bloques-de-pisos-un-reto-ante-el-uso-exclusivo-de-la-tecnologia-digital-por-parte-de-los-propietarios\\\/#article\",\"isPartOf\":{\"@id\":\"https:\\\/\\\/monlienvisio.fr\\\/es\\\/el-aislamiento-de-los-inquilinos-mayores-en-los-bloques-de-pisos-un-reto-ante-el-uso-exclusivo-de-la-tecnologia-digital-por-parte-de-los-propietarios\\\/\"},\"author\":{\"name\":\"admin9923\",\"@id\":\"https:\\\/\\\/monlienvisio.fr\\\/#\\\/schema\\\/person\\\/c23c5aff4a9836f9f27cd99f4c22be85\"},\"headline\":\"EL AISLAMIENTO DE LOS INQUILINOS MAYORES EN LOS BLOQUES DE PISOS: UN RETO ANTE EL USO EXCLUSIVO DE LA TECNOLOG\u00cdA DIGITAL POR PARTE DE LOS PROPIETARIOS\",\"datePublished\":\"2024-03-28T15:31:28+00:00\",\"dateModified\":\"2025-05-09T06:29:27+00:00\",\"mainEntityOfPage\":{\"@id\":\"https:\\\/\\\/monlienvisio.fr\\\/es\\\/el-aislamiento-de-los-inquilinos-mayores-en-los-bloques-de-pisos-un-reto-ante-el-uso-exclusivo-de-la-tecnologia-digital-por-parte-de-los-propietarios\\\/\"},\"wordCount\":940,\"commentCount\":0,\"publisher\":{\"@id\":\"https:\\\/\\\/monlienvisio.fr\\\/#organization\"},\"image\":{\"@id\":\"https:\\\/\\\/monlienvisio.fr\\\/es\\\/el-aislamiento-de-los-inquilinos-mayores-en-los-bloques-de-pisos-un-reto-ante-el-uso-exclusivo-de-la-tecnologia-digital-por-parte-de-los-propietarios\\\/#primaryimage\"},\"thumbnailUrl\":\"https:\\\/\\\/monlienvisio.fr\\\/wp-content\\\/uploads\\\/2024\\\/12\\\/Capture-decran-2024-12-02-a-08.37.21.png\",\"articleSection\":[\"Art\u00edculo - Aislamiento\"],\"inLanguage\":\"es\",\"potentialAction\":[{\"@type\":\"CommentAction\",\"name\":\"Comment\",\"target\":[\"https:\\\/\\\/monlienvisio.fr\\\/es\\\/el-aislamiento-de-los-inquilinos-mayores-en-los-bloques-de-pisos-un-reto-ante-el-uso-exclusivo-de-la-tecnologia-digital-por-parte-de-los-propietarios\\\/#respond\"]}]},{\"@type\":\"WebPage\",\"@id\":\"https:\\\/\\\/monlienvisio.fr\\\/es\\\/el-aislamiento-de-los-inquilinos-mayores-en-los-bloques-de-pisos-un-reto-ante-el-uso-exclusivo-de-la-tecnologia-digital-por-parte-de-los-propietarios\\\/\",\"url\":\"https:\\\/\\\/monlienvisio.fr\\\/es\\\/el-aislamiento-de-los-inquilinos-mayores-en-los-bloques-de-pisos-un-reto-ante-el-uso-exclusivo-de-la-tecnologia-digital-por-parte-de-los-propietarios\\\/\",\"name\":\"EL AISLAMIENTO DE LOS INQUILINOS MAYORES EN LOS BLOQUES DE PISOS: UN RETO ANTE EL USO EXCLUSIVO DE LA TECNOLOG\u00cdA DIGITAL POR PARTE DE LOS PROPIETARIOS | Mon Lien Visio\",\"isPartOf\":{\"@id\":\"https:\\\/\\\/monlienvisio.fr\\\/#website\"},\"primaryImageOfPage\":{\"@id\":\"https:\\\/\\\/monlienvisio.fr\\\/es\\\/el-aislamiento-de-los-inquilinos-mayores-en-los-bloques-de-pisos-un-reto-ante-el-uso-exclusivo-de-la-tecnologia-digital-por-parte-de-los-propietarios\\\/#primaryimage\"},\"image\":{\"@id\":\"https:\\\/\\\/monlienvisio.fr\\\/es\\\/el-aislamiento-de-los-inquilinos-mayores-en-los-bloques-de-pisos-un-reto-ante-el-uso-exclusivo-de-la-tecnologia-digital-por-parte-de-los-propietarios\\\/#primaryimage\"},\"thumbnailUrl\":\"https:\\\/\\\/monlienvisio.fr\\\/wp-content\\\/uploads\\\/2024\\\/12\\\/Capture-decran-2024-12-02-a-08.37.21.png\",\"datePublished\":\"2024-03-28T15:31:28+00:00\",\"dateModified\":\"2025-05-09T06:29:27+00:00\",\"breadcrumb\":{\"@id\":\"https:\\\/\\\/monlienvisio.fr\\\/es\\\/el-aislamiento-de-los-inquilinos-mayores-en-los-bloques-de-pisos-un-reto-ante-el-uso-exclusivo-de-la-tecnologia-digital-por-parte-de-los-propietarios\\\/#breadcrumb\"},\"inLanguage\":\"es\",\"potentialAction\":[{\"@type\":\"ReadAction\",\"target\":[\"https:\\\/\\\/monlienvisio.fr\\\/es\\\/el-aislamiento-de-los-inquilinos-mayores-en-los-bloques-de-pisos-un-reto-ante-el-uso-exclusivo-de-la-tecnologia-digital-por-parte-de-los-propietarios\\\/\"]}]},{\"@type\":\"ImageObject\",\"inLanguage\":\"es\",\"@id\":\"https:\\\/\\\/monlienvisio.fr\\\/es\\\/el-aislamiento-de-los-inquilinos-mayores-en-los-bloques-de-pisos-un-reto-ante-el-uso-exclusivo-de-la-tecnologia-digital-por-parte-de-los-propietarios\\\/#primaryimage\",\"url\":\"https:\\\/\\\/monlienvisio.fr\\\/wp-content\\\/uploads\\\/2024\\\/12\\\/Capture-decran-2024-12-02-a-08.37.21.png\",\"contentUrl\":\"https:\\\/\\\/monlienvisio.fr\\\/wp-content\\\/uploads\\\/2024\\\/12\\\/Capture-decran-2024-12-02-a-08.37.21.png\",\"width\":1882,\"height\":1230},{\"@type\":\"BreadcrumbList\",\"@id\":\"https:\\\/\\\/monlienvisio.fr\\\/es\\\/el-aislamiento-de-los-inquilinos-mayores-en-los-bloques-de-pisos-un-reto-ante-el-uso-exclusivo-de-la-tecnologia-digital-por-parte-de-los-propietarios\\\/#breadcrumb\",\"itemListElement\":[{\"@type\":\"ListItem\",\"position\":1,\"name\":\"Accueil\",\"item\":\"https:\\\/\\\/monlienvisio.fr\\\/es\\\/\"},{\"@type\":\"ListItem\",\"position\":2,\"name\":\"EL AISLAMIENTO DE LOS INQUILINOS MAYORES EN LOS BLOQUES DE PISOS: UN RETO ANTE EL USO EXCLUSIVO DE LA TECNOLOG\u00cdA DIGITAL POR PARTE DE LOS PROPIETARIOS\"}]},{\"@type\":\"WebSite\",\"@id\":\"https:\\\/\\\/monlienvisio.fr\\\/#website\",\"url\":\"https:\\\/\\\/monlienvisio.fr\\\/\",\"name\":\"Mon Lien Visio\",\"description\":\"Renforcer vos liens avec ceux qui comptent\",\"publisher\":{\"@id\":\"https:\\\/\\\/monlienvisio.fr\\\/#organization\"},\"alternateName\":\"MLV\",\"potentialAction\":[{\"@type\":\"SearchAction\",\"target\":{\"@type\":\"EntryPoint\",\"urlTemplate\":\"https:\\\/\\\/monlienvisio.fr\\\/?s={search_term_string}\"},\"query-input\":{\"@type\":\"PropertyValueSpecification\",\"valueRequired\":true,\"valueName\":\"search_term_string\"}}],\"inLanguage\":\"es\"},{\"@type\":\"Organization\",\"@id\":\"https:\\\/\\\/monlienvisio.fr\\\/#organization\",\"name\":\"Mon Lien Visio\",\"alternateName\":\"MLV\",\"url\":\"https:\\\/\\\/monlienvisio.fr\\\/\",\"logo\":{\"@type\":\"ImageObject\",\"inLanguage\":\"es\",\"@id\":\"https:\\\/\\\/monlienvisio.fr\\\/#\\\/schema\\\/logo\\\/image\\\/\",\"url\":\"https:\\\/\\\/monlienvisio.fr\\\/wp-content\\\/uploads\\\/2025\\\/03\\\/logo-MLV-Homelinks-512-x-512.png\",\"contentUrl\":\"https:\\\/\\\/monlienvisio.fr\\\/wp-content\\\/uploads\\\/2025\\\/03\\\/logo-MLV-Homelinks-512-x-512.png\",\"width\":512,\"height\":512,\"caption\":\"Mon Lien Visio\"},\"image\":{\"@id\":\"https:\\\/\\\/monlienvisio.fr\\\/#\\\/schema\\\/logo\\\/image\\\/\"},\"sameAs\":[\"https:\\\/\\\/www.facebook.com\\\/monlienvisio\",\"https:\\\/\\\/x.com\\\/monlienvisio\",\"https:\\\/\\\/www.instagram.com\\\/monlienvisio\\\/\",\"https:\\\/\\\/www.youtube.com\\\/channel\\\/UCSqRapa3VR6QOtwWgtiR-CQ\",\"https:\\\/\\\/www.linkedin.com\\\/company\\\/monlienvisio\\\/\"]},{\"@type\":\"Person\",\"@id\":\"https:\\\/\\\/monlienvisio.fr\\\/#\\\/schema\\\/person\\\/c23c5aff4a9836f9f27cd99f4c22be85\",\"name\":\"admin9923\",\"image\":{\"@type\":\"ImageObject\",\"inLanguage\":\"es\",\"@id\":\"https:\\\/\\\/secure.gravatar.com\\\/avatar\\\/68178fff884ab7e86a76129926eb0fd6343c3d415cdfd290f5407562ff78edfa?s=96&d=mm&r=g\",\"url\":\"https:\\\/\\\/secure.gravatar.com\\\/avatar\\\/68178fff884ab7e86a76129926eb0fd6343c3d415cdfd290f5407562ff78edfa?s=96&d=mm&r=g\",\"contentUrl\":\"https:\\\/\\\/secure.gravatar.com\\\/avatar\\\/68178fff884ab7e86a76129926eb0fd6343c3d415cdfd290f5407562ff78edfa?s=96&d=mm&r=g\",\"caption\":\"admin9923\"},\"url\":\"https:\\\/\\\/monlienvisio.fr\\\/es\\\/author\\\/admin9923\\\/\"}]}<\/script>\n<!-- \/ Yoast SEO plugin. -->","yoast_head_json":{"title":"EL AISLAMIENTO DE LOS INQUILINOS MAYORES EN LOS BLOQUES DE PISOS: UN RETO ANTE EL USO EXCLUSIVO DE LA TECNOLOG\u00cdA DIGITAL POR PARTE DE LOS PROPIETARIOS | Mon Lien Visio","robots":{"index":"index","follow":"follow","max-snippet":"max-snippet:-1","max-image-preview":"max-image-preview:large","max-video-preview":"max-video-preview:-1"},"canonical":"https:\/\/monlienvisio.fr\/es\/el-aislamiento-de-los-inquilinos-mayores-en-los-bloques-de-pisos-un-reto-ante-el-uso-exclusivo-de-la-tecnologia-digital-por-parte-de-los-propietarios\/","og_locale":"es_ES","og_type":"article","og_title":"EL AISLAMIENTO DE LOS INQUILINOS MAYORES EN LOS BLOQUES DE PISOS: UN RETO ANTE EL USO EXCLUSIVO DE LA TECNOLOG\u00cdA DIGITAL POR PARTE DE LOS PROPIETARIOS | Mon Lien Visio","og_description":"El aislamiento de las personas mayores es un problema social creciente, y una de las causas que a menudo se pasa por alto es la forma en que los propietarios se comunican con sus inquilinos ancianos. Aunque la transici\u00f3n digital ha facilitado la gesti\u00f3n inmobiliaria, tambi\u00e9n ha dificultado a\u00fan m\u00e1s el acceso a la informaci\u00f3n [&hellip;]","og_url":"https:\/\/monlienvisio.fr\/es\/el-aislamiento-de-los-inquilinos-mayores-en-los-bloques-de-pisos-un-reto-ante-el-uso-exclusivo-de-la-tecnologia-digital-por-parte-de-los-propietarios\/","og_site_name":"Mon Lien Visio","article_publisher":"https:\/\/www.facebook.com\/monlienvisio","article_published_time":"2024-03-28T15:31:28+00:00","article_modified_time":"2025-05-09T06:29:27+00:00","og_image":[{"width":1024,"height":669,"url":"https:\/\/monlienvisio.fr\/wp-content\/uploads\/2024\/12\/Capture-decran-2024-12-02-a-08.37.21-1024x669.png","type":"image\/png"}],"author":"admin9923","twitter_card":"summary_large_image","twitter_creator":"@monlienvisio","twitter_site":"@monlienvisio","twitter_misc":{"Escrito por":"admin9923","Tiempo de lectura":"5 minutos"},"schema":{"@context":"https:\/\/schema.org","@graph":[{"@type":"Article","@id":"https:\/\/monlienvisio.fr\/es\/el-aislamiento-de-los-inquilinos-mayores-en-los-bloques-de-pisos-un-reto-ante-el-uso-exclusivo-de-la-tecnologia-digital-por-parte-de-los-propietarios\/#article","isPartOf":{"@id":"https:\/\/monlienvisio.fr\/es\/el-aislamiento-de-los-inquilinos-mayores-en-los-bloques-de-pisos-un-reto-ante-el-uso-exclusivo-de-la-tecnologia-digital-por-parte-de-los-propietarios\/"},"author":{"name":"admin9923","@id":"https:\/\/monlienvisio.fr\/#\/schema\/person\/c23c5aff4a9836f9f27cd99f4c22be85"},"headline":"EL AISLAMIENTO DE LOS INQUILINOS MAYORES EN LOS BLOQUES DE PISOS: UN RETO ANTE EL USO EXCLUSIVO DE LA TECNOLOG\u00cdA DIGITAL POR PARTE DE LOS PROPIETARIOS","datePublished":"2024-03-28T15:31:28+00:00","dateModified":"2025-05-09T06:29:27+00:00","mainEntityOfPage":{"@id":"https:\/\/monlienvisio.fr\/es\/el-aislamiento-de-los-inquilinos-mayores-en-los-bloques-de-pisos-un-reto-ante-el-uso-exclusivo-de-la-tecnologia-digital-por-parte-de-los-propietarios\/"},"wordCount":940,"commentCount":0,"publisher":{"@id":"https:\/\/monlienvisio.fr\/#organization"},"image":{"@id":"https:\/\/monlienvisio.fr\/es\/el-aislamiento-de-los-inquilinos-mayores-en-los-bloques-de-pisos-un-reto-ante-el-uso-exclusivo-de-la-tecnologia-digital-por-parte-de-los-propietarios\/#primaryimage"},"thumbnailUrl":"https:\/\/monlienvisio.fr\/wp-content\/uploads\/2024\/12\/Capture-decran-2024-12-02-a-08.37.21.png","articleSection":["Art\u00edculo - Aislamiento"],"inLanguage":"es","potentialAction":[{"@type":"CommentAction","name":"Comment","target":["https:\/\/monlienvisio.fr\/es\/el-aislamiento-de-los-inquilinos-mayores-en-los-bloques-de-pisos-un-reto-ante-el-uso-exclusivo-de-la-tecnologia-digital-por-parte-de-los-propietarios\/#respond"]}]},{"@type":"WebPage","@id":"https:\/\/monlienvisio.fr\/es\/el-aislamiento-de-los-inquilinos-mayores-en-los-bloques-de-pisos-un-reto-ante-el-uso-exclusivo-de-la-tecnologia-digital-por-parte-de-los-propietarios\/","url":"https:\/\/monlienvisio.fr\/es\/el-aislamiento-de-los-inquilinos-mayores-en-los-bloques-de-pisos-un-reto-ante-el-uso-exclusivo-de-la-tecnologia-digital-por-parte-de-los-propietarios\/","name":"EL AISLAMIENTO DE LOS INQUILINOS MAYORES EN LOS BLOQUES DE PISOS: UN RETO ANTE EL USO EXCLUSIVO DE LA TECNOLOG\u00cdA DIGITAL POR PARTE DE LOS PROPIETARIOS | Mon Lien Visio","isPartOf":{"@id":"https:\/\/monlienvisio.fr\/#website"},"primaryImageOfPage":{"@id":"https:\/\/monlienvisio.fr\/es\/el-aislamiento-de-los-inquilinos-mayores-en-los-bloques-de-pisos-un-reto-ante-el-uso-exclusivo-de-la-tecnologia-digital-por-parte-de-los-propietarios\/#primaryimage"},"image":{"@id":"https:\/\/monlienvisio.fr\/es\/el-aislamiento-de-los-inquilinos-mayores-en-los-bloques-de-pisos-un-reto-ante-el-uso-exclusivo-de-la-tecnologia-digital-por-parte-de-los-propietarios\/#primaryimage"},"thumbnailUrl":"https:\/\/monlienvisio.fr\/wp-content\/uploads\/2024\/12\/Capture-decran-2024-12-02-a-08.37.21.png","datePublished":"2024-03-28T15:31:28+00:00","dateModified":"2025-05-09T06:29:27+00:00","breadcrumb":{"@id":"https:\/\/monlienvisio.fr\/es\/el-aislamiento-de-los-inquilinos-mayores-en-los-bloques-de-pisos-un-reto-ante-el-uso-exclusivo-de-la-tecnologia-digital-por-parte-de-los-propietarios\/#breadcrumb"},"inLanguage":"es","potentialAction":[{"@type":"ReadAction","target":["https:\/\/monlienvisio.fr\/es\/el-aislamiento-de-los-inquilinos-mayores-en-los-bloques-de-pisos-un-reto-ante-el-uso-exclusivo-de-la-tecnologia-digital-por-parte-de-los-propietarios\/"]}]},{"@type":"ImageObject","inLanguage":"es","@id":"https:\/\/monlienvisio.fr\/es\/el-aislamiento-de-los-inquilinos-mayores-en-los-bloques-de-pisos-un-reto-ante-el-uso-exclusivo-de-la-tecnologia-digital-por-parte-de-los-propietarios\/#primaryimage","url":"https:\/\/monlienvisio.fr\/wp-content\/uploads\/2024\/12\/Capture-decran-2024-12-02-a-08.37.21.png","contentUrl":"https:\/\/monlienvisio.fr\/wp-content\/uploads\/2024\/12\/Capture-decran-2024-12-02-a-08.37.21.png","width":1882,"height":1230},{"@type":"BreadcrumbList","@id":"https:\/\/monlienvisio.fr\/es\/el-aislamiento-de-los-inquilinos-mayores-en-los-bloques-de-pisos-un-reto-ante-el-uso-exclusivo-de-la-tecnologia-digital-por-parte-de-los-propietarios\/#breadcrumb","itemListElement":[{"@type":"ListItem","position":1,"name":"Accueil","item":"https:\/\/monlienvisio.fr\/es\/"},{"@type":"ListItem","position":2,"name":"EL AISLAMIENTO DE LOS INQUILINOS MAYORES EN LOS BLOQUES DE PISOS: UN RETO ANTE EL USO EXCLUSIVO DE LA TECNOLOG\u00cdA DIGITAL POR PARTE DE LOS PROPIETARIOS"}]},{"@type":"WebSite","@id":"https:\/\/monlienvisio.fr\/#website","url":"https:\/\/monlienvisio.fr\/","name":"Mon Lien Visio","description":"Renforcer vos liens avec ceux qui comptent","publisher":{"@id":"https:\/\/monlienvisio.fr\/#organization"},"alternateName":"MLV","potentialAction":[{"@type":"SearchAction","target":{"@type":"EntryPoint","urlTemplate":"https:\/\/monlienvisio.fr\/?s={search_term_string}"},"query-input":{"@type":"PropertyValueSpecification","valueRequired":true,"valueName":"search_term_string"}}],"inLanguage":"es"},{"@type":"Organization","@id":"https:\/\/monlienvisio.fr\/#organization","name":"Mon Lien Visio","alternateName":"MLV","url":"https:\/\/monlienvisio.fr\/","logo":{"@type":"ImageObject","inLanguage":"es","@id":"https:\/\/monlienvisio.fr\/#\/schema\/logo\/image\/","url":"https:\/\/monlienvisio.fr\/wp-content\/uploads\/2025\/03\/logo-MLV-Homelinks-512-x-512.png","contentUrl":"https:\/\/monlienvisio.fr\/wp-content\/uploads\/2025\/03\/logo-MLV-Homelinks-512-x-512.png","width":512,"height":512,"caption":"Mon Lien Visio"},"image":{"@id":"https:\/\/monlienvisio.fr\/#\/schema\/logo\/image\/"},"sameAs":["https:\/\/www.facebook.com\/monlienvisio","https:\/\/x.com\/monlienvisio","https:\/\/www.instagram.com\/monlienvisio\/","https:\/\/www.youtube.com\/channel\/UCSqRapa3VR6QOtwWgtiR-CQ","https:\/\/www.linkedin.com\/company\/monlienvisio\/"]},{"@type":"Person","@id":"https:\/\/monlienvisio.fr\/#\/schema\/person\/c23c5aff4a9836f9f27cd99f4c22be85","name":"admin9923","image":{"@type":"ImageObject","inLanguage":"es","@id":"https:\/\/secure.gravatar.com\/avatar\/68178fff884ab7e86a76129926eb0fd6343c3d415cdfd290f5407562ff78edfa?s=96&d=mm&r=g","url":"https:\/\/secure.gravatar.com\/avatar\/68178fff884ab7e86a76129926eb0fd6343c3d415cdfd290f5407562ff78edfa?s=96&d=mm&r=g","contentUrl":"https:\/\/secure.gravatar.com\/avatar\/68178fff884ab7e86a76129926eb0fd6343c3d415cdfd290f5407562ff78edfa?s=96&d=mm&r=g","caption":"admin9923"},"url":"https:\/\/monlienvisio.fr\/es\/author\/admin9923\/"}]}},"_links":{"self":[{"href":"https:\/\/monlienvisio.fr\/es\/wp-json\/wp\/v2\/posts\/16800","targetHints":{"allow":["GET"]}}],"collection":[{"href":"https:\/\/monlienvisio.fr\/es\/wp-json\/wp\/v2\/posts"}],"about":[{"href":"https:\/\/monlienvisio.fr\/es\/wp-json\/wp\/v2\/types\/post"}],"author":[{"embeddable":true,"href":"https:\/\/monlienvisio.fr\/es\/wp-json\/wp\/v2\/users\/2"}],"replies":[{"embeddable":true,"href":"https:\/\/monlienvisio.fr\/es\/wp-json\/wp\/v2\/comments?post=16800"}],"version-history":[{"count":8,"href":"https:\/\/monlienvisio.fr\/es\/wp-json\/wp\/v2\/posts\/16800\/revisions"}],"predecessor-version":[{"id":17099,"href":"https:\/\/monlienvisio.fr\/es\/wp-json\/wp\/v2\/posts\/16800\/revisions\/17099"}],"wp:featuredmedia":[{"embeddable":true,"href":"https:\/\/monlienvisio.fr\/es\/wp-json\/wp\/v2\/media\/16065"}],"wp:attachment":[{"href":"https:\/\/monlienvisio.fr\/es\/wp-json\/wp\/v2\/media?parent=16800"}],"wp:term":[{"taxonomy":"category","embeddable":true,"href":"https:\/\/monlienvisio.fr\/es\/wp-json\/wp\/v2\/categories?post=16800"},{"taxonomy":"post_tag","embeddable":true,"href":"https:\/\/monlienvisio.fr\/es\/wp-json\/wp\/v2\/tags?post=16800"}],"curies":[{"name":"wp","href":"https:\/\/api.w.org\/{rel}","templated":true}]}}