{"id":16808,"date":"2023-08-02T12:35:23","date_gmt":"2023-08-02T10:35:23","guid":{"rendered":"https:\/\/monlienvisio.fr\/que-cambiara-para-los-empleados-que-son-cuidadores-cuando-pidan-excedencia\/"},"modified":"2025-05-11T09:01:55","modified_gmt":"2025-05-11T07:01:55","slug":"que-cambiara-para-los-empleados-que-son-cuidadores-cuando-pidan-excedencia","status":"publish","type":"post","link":"https:\/\/monlienvisio.fr\/es\/que-cambiara-para-los-empleados-que-son-cuidadores-cuando-pidan-excedencia\/","title":{"rendered":"\u00bfQU\u00c9 CAMBIAR\u00c1 PARA LOS EMPLEADOS QUE SON CUIDADORES CUANDO PIDAN EXCEDENCIA?"},"content":{"rendered":"\n<p>En este permiso se incluye un subsidio diario para cuidadores cercanos (Ajpa), que asciende a 64,54 euros.<\/p>\n\n<p>Los trabajadores por cuenta ajena que hacen una pausa en el trabajo para cuidar a un familiar con discapacidad o p\u00e9rdida de autonom\u00eda se han beneficiado de la prestaci\u00f3n y el permiso por \u00abcuidado cercano\u00bb. A partir de 2025, se modificar\u00e1n las normas actuales. <\/p>\n\n<p>Un avance significativo. En 2017, la excedencia por apoyo familiar fue sustituida por la excedencia por cuidado de familiares. Esto da a los empleados que interrumpen su empleo para cuidar a un familiar con discapacidad o p\u00e9rdida de autonom\u00eda la oportunidad de disfrutar de un permiso de un m\u00e1ximo de 3 meses. El empresario no puede denegar el permiso.   <\/p>\n\n<p>El trabajador recibe una prestaci\u00f3n diaria de 64,54 euros durante un periodo de 66 d\u00edas, independientemente del n\u00famero de familiares a los que ayude. En 2024, entre 8 y 11 millones de personas declarar\u00e1n prestar asistencia regular a un familiar con discapacidad o p\u00e9rdida de autonom\u00eda. Las normas actuales se modificar\u00e1n en 2025, seg\u00fan un decreto publicado el s\u00e1bado 6 de julio.  <\/p>\n\n<p>CAMBIOS POSITIVOS<\/p>\n\n<p>A partir del 1 de enero de 2025, un trabajador que haya alcanzado el periodo m\u00e1ximo de 66 d\u00edas podr\u00e1 ser compensado por un periodo adicional si necesita ayudar a otro familiar. Seg\u00fan el decreto, podr\u00e1n solicitar la renovaci\u00f3n del derecho al subsidio diario para cuidadores allegados si \u00abprestan asistencia a una persona distinta de aquella por la que ya han percibido este subsidio\u00bb. Esto ser\u00e1 por otros 66 d\u00edas.  <\/p>\n\n<p>Hay que tener en cuenta que el n\u00famero m\u00e1ximo de dietas abonadas a un beneficiario no puede superar los 264 d\u00edas a lo largo de la carrera del trabajador, lo que supone un aumento de 198 d\u00edas respecto a la norma actual.<\/p>\n","protected":false},"excerpt":{"rendered":"<p>En este permiso se incluye un subsidio diario para cuidadores cercanos (Ajpa), que asciende a 64,54 euros. Los trabajadores por cuenta ajena que hacen una pausa en el trabajo para cuidar a un familiar con discapacidad o p\u00e9rdida de autonom\u00eda se han beneficiado de la prestaci\u00f3n y el permiso por \u00abcuidado cercano\u00bb. A partir de [&hellip;]<\/p>\n","protected":false},"author":2,"featured_media":15449,"comment_status":"open","ping_status":"open","sticky":false,"template":"","format":"standard","meta":{"_acf_changed":false,"_eb_attr":"","footnotes":""},"categories":[250],"tags":[],"class_list":["post-16808","post","type-post","status-publish","format-standard","has-post-thumbnail","hentry","category-articulo-cuidador-familiar"],"acf":[],"yoast_head":"<!-- This site is optimized with the Yoast SEO plugin v27.5 - https:\/\/yoast.com\/product\/yoast-seo-wordpress\/ -->\n<title>\u00bfQU\u00c9 CAMBIAR\u00c1 PARA LOS EMPLEADOS QUE SON CUIDADORES CUANDO PIDAN EXCEDENCIA? | Mon Lien Visio<\/title>\n<meta name=\"robots\" content=\"index, follow, max-snippet:-1, max-image-preview:large, max-video-preview:-1\" \/>\n<link rel=\"canonical\" href=\"https:\/\/monlienvisio.fr\/ce-qui-va-changer-pour-les-salaries-proches-aidants-lors-des-conges\/\" \/>\n<meta property=\"og:locale\" content=\"es_ES\" \/>\n<meta property=\"og:type\" content=\"article\" \/>\n<meta property=\"og:title\" content=\"\u00bfQU\u00c9 CAMBIAR\u00c1 PARA LOS EMPLEADOS QUE SON CUIDADORES CUANDO PIDAN EXCEDENCIA? | Mon Lien Visio\" \/>\n<meta property=\"og:description\" content=\"En este permiso se incluye un subsidio diario para cuidadores cercanos (Ajpa), que asciende a 64,54 euros. Los trabajadores por cuenta ajena que hacen una pausa en el trabajo para cuidar a un familiar con discapacidad o p\u00e9rdida de autonom\u00eda se han beneficiado de la prestaci\u00f3n y el permiso por \u00abcuidado cercano\u00bb. A partir de [&hellip;]\" \/>\n<meta property=\"og:url\" content=\"https:\/\/monlienvisio.fr\/ce-qui-va-changer-pour-les-salaries-proches-aidants-lors-des-conges\/\" \/>\n<meta property=\"og:site_name\" content=\"Mon Lien Visio\" \/>\n<meta property=\"article:publisher\" content=\"https:\/\/www.facebook.com\/monlienvisio\" \/>\n<meta property=\"article:published_time\" content=\"2023-08-02T10:35:23+00:00\" \/>\n<meta property=\"article:modified_time\" content=\"2025-05-11T07:01:55+00:00\" \/>\n<meta property=\"og:image\" content=\"https:\/\/monlienvisio.fr\/wp-content\/uploads\/2024\/07\/Capture-decran-2024-07-16-a-10.38.54.webp\" \/>\n\t<meta property=\"og:image:width\" content=\"1920\" \/>\n\t<meta property=\"og:image:height\" content=\"724\" \/>\n\t<meta property=\"og:image:type\" content=\"image\/webp\" \/>\n<meta name=\"author\" content=\"admin9923\" \/>\n<meta name=\"twitter:card\" content=\"summary_large_image\" \/>\n<meta name=\"twitter:creator\" content=\"@monlienvisio\" \/>\n<meta name=\"twitter:site\" content=\"@monlienvisio\" \/>\n<meta name=\"twitter:label1\" content=\"Escrito por\" \/>\n\t<meta name=\"twitter:data1\" content=\"admin9923\" \/>\n\t<meta name=\"twitter:label2\" content=\"Tiempo de lectura\" \/>\n\t<meta name=\"twitter:data2\" content=\"2 minutos\" \/>\n<script type=\"application\/ld+json\" class=\"yoast-schema-graph\">{\"@context\":\"https:\\\/\\\/schema.org\",\"@graph\":[{\"@type\":\"Article\",\"@id\":\"https:\\\/\\\/monlienvisio.fr\\\/ce-qui-va-changer-pour-les-salaries-proches-aidants-lors-des-conges\\\/#article\",\"isPartOf\":{\"@id\":\"https:\\\/\\\/monlienvisio.fr\\\/ce-qui-va-changer-pour-les-salaries-proches-aidants-lors-des-conges\\\/\"},\"author\":{\"name\":\"admin9923\",\"@id\":\"https:\\\/\\\/monlienvisio.fr\\\/#\\\/schema\\\/person\\\/c23c5aff4a9836f9f27cd99f4c22be85\"},\"headline\":\"\u00bfQU\u00c9 CAMBIAR\u00c1 PARA LOS EMPLEADOS QUE SON CUIDADORES CUANDO PIDAN EXCEDENCIA?\",\"datePublished\":\"2023-08-02T10:35:23+00:00\",\"dateModified\":\"2025-05-11T07:01:55+00:00\",\"mainEntityOfPage\":{\"@id\":\"https:\\\/\\\/monlienvisio.fr\\\/ce-qui-va-changer-pour-les-salaries-proches-aidants-lors-des-conges\\\/\"},\"wordCount\":316,\"commentCount\":0,\"publisher\":{\"@id\":\"https:\\\/\\\/monlienvisio.fr\\\/#organization\"},\"image\":{\"@id\":\"https:\\\/\\\/monlienvisio.fr\\\/ce-qui-va-changer-pour-les-salaries-proches-aidants-lors-des-conges\\\/#primaryimage\"},\"thumbnailUrl\":\"https:\\\/\\\/monlienvisio.fr\\\/wp-content\\\/uploads\\\/2024\\\/07\\\/Capture-decran-2024-07-16-a-10.38.54.webp\",\"articleSection\":[\"art\u00edculo - cuidador familiar\"],\"inLanguage\":\"es\",\"potentialAction\":[{\"@type\":\"CommentAction\",\"name\":\"Comment\",\"target\":[\"https:\\\/\\\/monlienvisio.fr\\\/ce-qui-va-changer-pour-les-salaries-proches-aidants-lors-des-conges\\\/#respond\"]}]},{\"@type\":\"WebPage\",\"@id\":\"https:\\\/\\\/monlienvisio.fr\\\/ce-qui-va-changer-pour-les-salaries-proches-aidants-lors-des-conges\\\/\",\"url\":\"https:\\\/\\\/monlienvisio.fr\\\/ce-qui-va-changer-pour-les-salaries-proches-aidants-lors-des-conges\\\/\",\"name\":\"\u00bfQU\u00c9 CAMBIAR\u00c1 PARA LOS EMPLEADOS QUE SON CUIDADORES CUANDO PIDAN EXCEDENCIA? | Mon Lien Visio\",\"isPartOf\":{\"@id\":\"https:\\\/\\\/monlienvisio.fr\\\/#website\"},\"primaryImageOfPage\":{\"@id\":\"https:\\\/\\\/monlienvisio.fr\\\/ce-qui-va-changer-pour-les-salaries-proches-aidants-lors-des-conges\\\/#primaryimage\"},\"image\":{\"@id\":\"https:\\\/\\\/monlienvisio.fr\\\/ce-qui-va-changer-pour-les-salaries-proches-aidants-lors-des-conges\\\/#primaryimage\"},\"thumbnailUrl\":\"https:\\\/\\\/monlienvisio.fr\\\/wp-content\\\/uploads\\\/2024\\\/07\\\/Capture-decran-2024-07-16-a-10.38.54.webp\",\"datePublished\":\"2023-08-02T10:35:23+00:00\",\"dateModified\":\"2025-05-11T07:01:55+00:00\",\"breadcrumb\":{\"@id\":\"https:\\\/\\\/monlienvisio.fr\\\/ce-qui-va-changer-pour-les-salaries-proches-aidants-lors-des-conges\\\/#breadcrumb\"},\"inLanguage\":\"es\",\"potentialAction\":[{\"@type\":\"ReadAction\",\"target\":[\"https:\\\/\\\/monlienvisio.fr\\\/ce-qui-va-changer-pour-les-salaries-proches-aidants-lors-des-conges\\\/\"]}]},{\"@type\":\"ImageObject\",\"inLanguage\":\"es\",\"@id\":\"https:\\\/\\\/monlienvisio.fr\\\/ce-qui-va-changer-pour-les-salaries-proches-aidants-lors-des-conges\\\/#primaryimage\",\"url\":\"https:\\\/\\\/monlienvisio.fr\\\/wp-content\\\/uploads\\\/2024\\\/07\\\/Capture-decran-2024-07-16-a-10.38.54.webp\",\"contentUrl\":\"https:\\\/\\\/monlienvisio.fr\\\/wp-content\\\/uploads\\\/2024\\\/07\\\/Capture-decran-2024-07-16-a-10.38.54.webp\",\"width\":1920,\"height\":724},{\"@type\":\"BreadcrumbList\",\"@id\":\"https:\\\/\\\/monlienvisio.fr\\\/ce-qui-va-changer-pour-les-salaries-proches-aidants-lors-des-conges\\\/#breadcrumb\",\"itemListElement\":[{\"@type\":\"ListItem\",\"position\":1,\"name\":\"Accueil\",\"item\":\"https:\\\/\\\/monlienvisio.fr\\\/es\\\/\"},{\"@type\":\"ListItem\",\"position\":2,\"name\":\"\u00bfQU\u00c9 CAMBIAR\u00c1 PARA LOS EMPLEADOS QUE SON CUIDADORES CUANDO PIDAN EXCEDENCIA?\"}]},{\"@type\":\"WebSite\",\"@id\":\"https:\\\/\\\/monlienvisio.fr\\\/#website\",\"url\":\"https:\\\/\\\/monlienvisio.fr\\\/\",\"name\":\"Mon Lien Visio\",\"description\":\"Renforcer vos liens avec ceux qui comptent\",\"publisher\":{\"@id\":\"https:\\\/\\\/monlienvisio.fr\\\/#organization\"},\"alternateName\":\"MLV\",\"potentialAction\":[{\"@type\":\"SearchAction\",\"target\":{\"@type\":\"EntryPoint\",\"urlTemplate\":\"https:\\\/\\\/monlienvisio.fr\\\/?s={search_term_string}\"},\"query-input\":{\"@type\":\"PropertyValueSpecification\",\"valueRequired\":true,\"valueName\":\"search_term_string\"}}],\"inLanguage\":\"es\"},{\"@type\":\"Organization\",\"@id\":\"https:\\\/\\\/monlienvisio.fr\\\/#organization\",\"name\":\"Mon Lien Visio\",\"alternateName\":\"MLV\",\"url\":\"https:\\\/\\\/monlienvisio.fr\\\/\",\"logo\":{\"@type\":\"ImageObject\",\"inLanguage\":\"es\",\"@id\":\"https:\\\/\\\/monlienvisio.fr\\\/#\\\/schema\\\/logo\\\/image\\\/\",\"url\":\"https:\\\/\\\/monlienvisio.fr\\\/wp-content\\\/uploads\\\/2025\\\/03\\\/logo-MLV-Homelinks-512-x-512.png\",\"contentUrl\":\"https:\\\/\\\/monlienvisio.fr\\\/wp-content\\\/uploads\\\/2025\\\/03\\\/logo-MLV-Homelinks-512-x-512.png\",\"width\":512,\"height\":512,\"caption\":\"Mon Lien Visio\"},\"image\":{\"@id\":\"https:\\\/\\\/monlienvisio.fr\\\/#\\\/schema\\\/logo\\\/image\\\/\"},\"sameAs\":[\"https:\\\/\\\/www.facebook.com\\\/monlienvisio\",\"https:\\\/\\\/x.com\\\/monlienvisio\",\"https:\\\/\\\/www.instagram.com\\\/monlienvisio\\\/\",\"https:\\\/\\\/www.youtube.com\\\/channel\\\/UCSqRapa3VR6QOtwWgtiR-CQ\",\"https:\\\/\\\/www.linkedin.com\\\/company\\\/monlienvisio\\\/\"]},{\"@type\":\"Person\",\"@id\":\"https:\\\/\\\/monlienvisio.fr\\\/#\\\/schema\\\/person\\\/c23c5aff4a9836f9f27cd99f4c22be85\",\"name\":\"admin9923\",\"image\":{\"@type\":\"ImageObject\",\"inLanguage\":\"es\",\"@id\":\"https:\\\/\\\/secure.gravatar.com\\\/avatar\\\/68178fff884ab7e86a76129926eb0fd6343c3d415cdfd290f5407562ff78edfa?s=96&d=mm&r=g\",\"url\":\"https:\\\/\\\/secure.gravatar.com\\\/avatar\\\/68178fff884ab7e86a76129926eb0fd6343c3d415cdfd290f5407562ff78edfa?s=96&d=mm&r=g\",\"contentUrl\":\"https:\\\/\\\/secure.gravatar.com\\\/avatar\\\/68178fff884ab7e86a76129926eb0fd6343c3d415cdfd290f5407562ff78edfa?s=96&d=mm&r=g\",\"caption\":\"admin9923\"},\"url\":\"https:\\\/\\\/monlienvisio.fr\\\/es\\\/author\\\/admin9923\\\/\"}]}<\/script>\n<!-- \/ Yoast SEO plugin. -->","yoast_head_json":{"title":"\u00bfQU\u00c9 CAMBIAR\u00c1 PARA LOS EMPLEADOS QUE SON CUIDADORES CUANDO PIDAN EXCEDENCIA? | Mon Lien Visio","robots":{"index":"index","follow":"follow","max-snippet":"max-snippet:-1","max-image-preview":"max-image-preview:large","max-video-preview":"max-video-preview:-1"},"canonical":"https:\/\/monlienvisio.fr\/ce-qui-va-changer-pour-les-salaries-proches-aidants-lors-des-conges\/","og_locale":"es_ES","og_type":"article","og_title":"\u00bfQU\u00c9 CAMBIAR\u00c1 PARA LOS EMPLEADOS QUE SON CUIDADORES CUANDO PIDAN EXCEDENCIA? | Mon Lien Visio","og_description":"En este permiso se incluye un subsidio diario para cuidadores cercanos (Ajpa), que asciende a 64,54 euros. Los trabajadores por cuenta ajena que hacen una pausa en el trabajo para cuidar a un familiar con discapacidad o p\u00e9rdida de autonom\u00eda se han beneficiado de la prestaci\u00f3n y el permiso por \u00abcuidado cercano\u00bb. A partir de [&hellip;]","og_url":"https:\/\/monlienvisio.fr\/ce-qui-va-changer-pour-les-salaries-proches-aidants-lors-des-conges\/","og_site_name":"Mon Lien Visio","article_publisher":"https:\/\/www.facebook.com\/monlienvisio","article_published_time":"2023-08-02T10:35:23+00:00","article_modified_time":"2025-05-11T07:01:55+00:00","og_image":[{"width":1920,"height":724,"url":"https:\/\/monlienvisio.fr\/wp-content\/uploads\/2024\/07\/Capture-decran-2024-07-16-a-10.38.54.webp","type":"image\/webp"}],"author":"admin9923","twitter_card":"summary_large_image","twitter_creator":"@monlienvisio","twitter_site":"@monlienvisio","twitter_misc":{"Escrito por":"admin9923","Tiempo de lectura":"2 minutos"},"schema":{"@context":"https:\/\/schema.org","@graph":[{"@type":"Article","@id":"https:\/\/monlienvisio.fr\/ce-qui-va-changer-pour-les-salaries-proches-aidants-lors-des-conges\/#article","isPartOf":{"@id":"https:\/\/monlienvisio.fr\/ce-qui-va-changer-pour-les-salaries-proches-aidants-lors-des-conges\/"},"author":{"name":"admin9923","@id":"https:\/\/monlienvisio.fr\/#\/schema\/person\/c23c5aff4a9836f9f27cd99f4c22be85"},"headline":"\u00bfQU\u00c9 CAMBIAR\u00c1 PARA LOS EMPLEADOS QUE SON CUIDADORES CUANDO PIDAN EXCEDENCIA?","datePublished":"2023-08-02T10:35:23+00:00","dateModified":"2025-05-11T07:01:55+00:00","mainEntityOfPage":{"@id":"https:\/\/monlienvisio.fr\/ce-qui-va-changer-pour-les-salaries-proches-aidants-lors-des-conges\/"},"wordCount":316,"commentCount":0,"publisher":{"@id":"https:\/\/monlienvisio.fr\/#organization"},"image":{"@id":"https:\/\/monlienvisio.fr\/ce-qui-va-changer-pour-les-salaries-proches-aidants-lors-des-conges\/#primaryimage"},"thumbnailUrl":"https:\/\/monlienvisio.fr\/wp-content\/uploads\/2024\/07\/Capture-decran-2024-07-16-a-10.38.54.webp","articleSection":["art\u00edculo - cuidador familiar"],"inLanguage":"es","potentialAction":[{"@type":"CommentAction","name":"Comment","target":["https:\/\/monlienvisio.fr\/ce-qui-va-changer-pour-les-salaries-proches-aidants-lors-des-conges\/#respond"]}]},{"@type":"WebPage","@id":"https:\/\/monlienvisio.fr\/ce-qui-va-changer-pour-les-salaries-proches-aidants-lors-des-conges\/","url":"https:\/\/monlienvisio.fr\/ce-qui-va-changer-pour-les-salaries-proches-aidants-lors-des-conges\/","name":"\u00bfQU\u00c9 CAMBIAR\u00c1 PARA LOS EMPLEADOS QUE SON CUIDADORES CUANDO PIDAN EXCEDENCIA? | Mon Lien Visio","isPartOf":{"@id":"https:\/\/monlienvisio.fr\/#website"},"primaryImageOfPage":{"@id":"https:\/\/monlienvisio.fr\/ce-qui-va-changer-pour-les-salaries-proches-aidants-lors-des-conges\/#primaryimage"},"image":{"@id":"https:\/\/monlienvisio.fr\/ce-qui-va-changer-pour-les-salaries-proches-aidants-lors-des-conges\/#primaryimage"},"thumbnailUrl":"https:\/\/monlienvisio.fr\/wp-content\/uploads\/2024\/07\/Capture-decran-2024-07-16-a-10.38.54.webp","datePublished":"2023-08-02T10:35:23+00:00","dateModified":"2025-05-11T07:01:55+00:00","breadcrumb":{"@id":"https:\/\/monlienvisio.fr\/ce-qui-va-changer-pour-les-salaries-proches-aidants-lors-des-conges\/#breadcrumb"},"inLanguage":"es","potentialAction":[{"@type":"ReadAction","target":["https:\/\/monlienvisio.fr\/ce-qui-va-changer-pour-les-salaries-proches-aidants-lors-des-conges\/"]}]},{"@type":"ImageObject","inLanguage":"es","@id":"https:\/\/monlienvisio.fr\/ce-qui-va-changer-pour-les-salaries-proches-aidants-lors-des-conges\/#primaryimage","url":"https:\/\/monlienvisio.fr\/wp-content\/uploads\/2024\/07\/Capture-decran-2024-07-16-a-10.38.54.webp","contentUrl":"https:\/\/monlienvisio.fr\/wp-content\/uploads\/2024\/07\/Capture-decran-2024-07-16-a-10.38.54.webp","width":1920,"height":724},{"@type":"BreadcrumbList","@id":"https:\/\/monlienvisio.fr\/ce-qui-va-changer-pour-les-salaries-proches-aidants-lors-des-conges\/#breadcrumb","itemListElement":[{"@type":"ListItem","position":1,"name":"Accueil","item":"https:\/\/monlienvisio.fr\/es\/"},{"@type":"ListItem","position":2,"name":"\u00bfQU\u00c9 CAMBIAR\u00c1 PARA LOS EMPLEADOS QUE SON CUIDADORES CUANDO PIDAN EXCEDENCIA?"}]},{"@type":"WebSite","@id":"https:\/\/monlienvisio.fr\/#website","url":"https:\/\/monlienvisio.fr\/","name":"Mon Lien Visio","description":"Renforcer vos liens avec ceux qui comptent","publisher":{"@id":"https:\/\/monlienvisio.fr\/#organization"},"alternateName":"MLV","potentialAction":[{"@type":"SearchAction","target":{"@type":"EntryPoint","urlTemplate":"https:\/\/monlienvisio.fr\/?s={search_term_string}"},"query-input":{"@type":"PropertyValueSpecification","valueRequired":true,"valueName":"search_term_string"}}],"inLanguage":"es"},{"@type":"Organization","@id":"https:\/\/monlienvisio.fr\/#organization","name":"Mon Lien Visio","alternateName":"MLV","url":"https:\/\/monlienvisio.fr\/","logo":{"@type":"ImageObject","inLanguage":"es","@id":"https:\/\/monlienvisio.fr\/#\/schema\/logo\/image\/","url":"https:\/\/monlienvisio.fr\/wp-content\/uploads\/2025\/03\/logo-MLV-Homelinks-512-x-512.png","contentUrl":"https:\/\/monlienvisio.fr\/wp-content\/uploads\/2025\/03\/logo-MLV-Homelinks-512-x-512.png","width":512,"height":512,"caption":"Mon Lien Visio"},"image":{"@id":"https:\/\/monlienvisio.fr\/#\/schema\/logo\/image\/"},"sameAs":["https:\/\/www.facebook.com\/monlienvisio","https:\/\/x.com\/monlienvisio","https:\/\/www.instagram.com\/monlienvisio\/","https:\/\/www.youtube.com\/channel\/UCSqRapa3VR6QOtwWgtiR-CQ","https:\/\/www.linkedin.com\/company\/monlienvisio\/"]},{"@type":"Person","@id":"https:\/\/monlienvisio.fr\/#\/schema\/person\/c23c5aff4a9836f9f27cd99f4c22be85","name":"admin9923","image":{"@type":"ImageObject","inLanguage":"es","@id":"https:\/\/secure.gravatar.com\/avatar\/68178fff884ab7e86a76129926eb0fd6343c3d415cdfd290f5407562ff78edfa?s=96&d=mm&r=g","url":"https:\/\/secure.gravatar.com\/avatar\/68178fff884ab7e86a76129926eb0fd6343c3d415cdfd290f5407562ff78edfa?s=96&d=mm&r=g","contentUrl":"https:\/\/secure.gravatar.com\/avatar\/68178fff884ab7e86a76129926eb0fd6343c3d415cdfd290f5407562ff78edfa?s=96&d=mm&r=g","caption":"admin9923"},"url":"https:\/\/monlienvisio.fr\/es\/author\/admin9923\/"}]}},"_links":{"self":[{"href":"https:\/\/monlienvisio.fr\/es\/wp-json\/wp\/v2\/posts\/16808","targetHints":{"allow":["GET"]}}],"collection":[{"href":"https:\/\/monlienvisio.fr\/es\/wp-json\/wp\/v2\/posts"}],"about":[{"href":"https:\/\/monlienvisio.fr\/es\/wp-json\/wp\/v2\/types\/post"}],"author":[{"embeddable":true,"href":"https:\/\/monlienvisio.fr\/es\/wp-json\/wp\/v2\/users\/2"}],"replies":[{"embeddable":true,"href":"https:\/\/monlienvisio.fr\/es\/wp-json\/wp\/v2\/comments?post=16808"}],"version-history":[{"count":4,"href":"https:\/\/monlienvisio.fr\/es\/wp-json\/wp\/v2\/posts\/16808\/revisions"}],"predecessor-version":[{"id":17484,"href":"https:\/\/monlienvisio.fr\/es\/wp-json\/wp\/v2\/posts\/16808\/revisions\/17484"}],"wp:featuredmedia":[{"embeddable":true,"href":"https:\/\/monlienvisio.fr\/es\/wp-json\/wp\/v2\/media\/15449"}],"wp:attachment":[{"href":"https:\/\/monlienvisio.fr\/es\/wp-json\/wp\/v2\/media?parent=16808"}],"wp:term":[{"taxonomy":"category","embeddable":true,"href":"https:\/\/monlienvisio.fr\/es\/wp-json\/wp\/v2\/categories?post=16808"},{"taxonomy":"post_tag","embeddable":true,"href":"https:\/\/monlienvisio.fr\/es\/wp-json\/wp\/v2\/tags?post=16808"}],"curies":[{"name":"wp","href":"https:\/\/api.w.org\/{rel}","templated":true}]}}