{"id":16809,"date":"2023-11-02T12:37:59","date_gmt":"2023-11-02T11:37:59","guid":{"rendered":"https:\/\/monlienvisio.fr\/el-paquete-autonomia-apoyo-esencial-para-las-residencias-de-mayores\/"},"modified":"2025-05-09T08:31:43","modified_gmt":"2025-05-09T06:31:43","slug":"el-paquete-autonomia-apoyo-esencial-para-las-residencias-de-mayores","status":"publish","type":"post","link":"https:\/\/monlienvisio.fr\/es\/el-paquete-autonomia-apoyo-esencial-para-las-residencias-de-mayores\/","title":{"rendered":"EL PAQUETE AUTONOM\u00cdA: APOYO ESENCIAL PARA LAS RESIDENCIAS DE MAYORES"},"content":{"rendered":"\n<h4 class=\"wp-block-heading\">Introducci\u00f3n<\/h4>\n\n<p>El envejecimiento de la poblaci\u00f3n es una realidad que la sociedad debe afrontar. En Francia, una proporci\u00f3n creciente de la poblaci\u00f3n tiene 60 a\u00f1os o m\u00e1s. Este cambio demogr\u00e1fico plantea importantes problemas de salud p\u00fablica, en particular la cuesti\u00f3n de la p\u00e9rdida de autonom\u00eda. Como respuesta, el gobierno ha introducido una serie de planes, entre ellos el \u00abforfait autonomie\u00bb, destinado a financiar iniciativas espec\u00edficas en residencias de ancianos. Este art\u00edculo explora el papel y el impacto de este plan.    <\/p>\n\n<h4 class=\"wp-block-heading\">\u00bfQu\u00e9 es el Forfait Autonomie?<\/h4>\n\n<p>El paquete de autonom\u00eda es la financiaci\u00f3n asignada por los Consejos Departamentales a las residencias de autonom\u00eda. Estas residencias, antes conocidas como foyers-logements, ofrecen alojamiento a personas mayores independientes que necesitan un entorno seguro y adaptado. El objetivo del paquete de autonom\u00eda es apoyar acciones para prevenir y mantener la independencia de los residentes.  <\/p>\n\n<h4 class=\"wp-block-heading\">Objetivos y acciones financiadas<\/h4>\n\n<p>El objetivo principal del paquete autonom\u00eda es luchar contra la p\u00e9rdida de autonom\u00eda de las personas mayores financiando iniciativas espec\u00edficas. Entre las iniciativas que se suelen apoyar est\u00e1n : <\/p>\n\n<ol class=\"wp-block-list\">\n<li><strong>Actividades F\u00edsicas Adaptadas (APA)<\/strong>: sesiones de gimnasia suave, yoga o marcha n\u00f3rdica para mantener la movilidad y el equilibrio de los residentes.<\/li>\n\n\n\n<li><strong>Talleres de prevenci\u00f3n<\/strong>: Sesiones sobre prevenci\u00f3n de ca\u00eddas, gesti\u00f3n del estr\u00e9s y nutrici\u00f3n, destinadas a sensibilizar e informar a los residentes sobre pr\u00e1cticas beneficiosas para su salud.<\/li>\n\n\n\n<li><strong>Estimulaci\u00f3n cognitiva<\/strong>: Talleres de memoria, juegos de mesa y actividades culturales para estimular la actividad cerebral y prevenir los trastornos cognitivos.<\/li>\n\n\n\n<li><strong>Actividades de socializaci\u00f3n<\/strong>: salidas culturales, actos festivos y actividades de grupo para combatir el aislamiento social, factor que puede agravar la p\u00e9rdida de autonom\u00eda.<\/li>\n<\/ol>\n\n<h4 class=\"wp-block-heading\">Impacto del Forfait Autonomie<\/h4>\n\n<p>Las residencias que se benefician del paquete de autonom\u00eda pueden establecer programas variados y regulares, mejorando significativamente la calidad de vida de los residentes. Los comentarios muestran que los residentes que participan en estos programas son m\u00e1s capaces de mantener su independencia, tanto f\u00edsica como mental. <\/p>\n\n<h4 class=\"wp-block-heading\">Testimonios<\/h4>\n\n<p>La Sra. Dupont, residente en una residencia independiente de Lyon, dice: \u00abGracias a los talleres de prevenci\u00f3n de ca\u00eddas y a las clases de gimnasia, me siento m\u00e1s segura y en forma. Estas actividades me han permitido conocer a otras personas y hacer nuevos amigos.<\/p>\n\n<p>El Sr. Martin, director de una residencia de la regi\u00f3n de \u00cele-de-France, comenta: \u00abEl paquete de autonom\u00eda es esencial para nuestro establecimiento. Nos permite ofrecer una amplia gama de actividades que responden a las necesidades de nuestros residentes y evitan eficazmente que pierdan su autonom\u00eda.<\/p>\n\n<h4 class=\"wp-block-heading\">Conclusi\u00f3n<\/h4>\n\n<p>El paquete de autonom\u00eda es una valiosa ayuda para las residencias de vida independiente, que les permite desarrollar iniciativas espec\u00edficas para combatir la p\u00e9rdida de autonom\u00eda. Al prestar apoyo financiero a estas iniciativas, el plan no s\u00f3lo contribuye a mejorar la calidad de vida de las personas mayores, sino que tambi\u00e9n retrasa la necesidad de m\u00e1s instalaciones medicalizadas. Por tanto, forma parte de una pol\u00edtica global de apoyo y mejora del estatus de las personas mayores dentro de la sociedad.  <\/p>\n\n<p>A trav\u00e9s de la diversidad y adaptabilidad de las iniciativas que financia, el paquete de autonom\u00eda representa una palanca estrat\u00e9gica en la lucha contra la dependencia, ofreciendo a los mayores un entorno propicio para una vejez activa y plena.<\/p>\n\n<p>Homelinks puede optar al paquete de autonom\u00eda: https:\/\/monlienvisio.fr\/forfait-autonomie-residence-autonomie\/<\/p>\n","protected":false},"excerpt":{"rendered":"<p>Introducci\u00f3n El envejecimiento de la poblaci\u00f3n es una realidad que la sociedad debe afrontar. En Francia, una proporci\u00f3n creciente de la poblaci\u00f3n tiene 60 a\u00f1os o m\u00e1s. Este cambio demogr\u00e1fico plantea importantes problemas de salud p\u00fablica, en particular la cuesti\u00f3n de la p\u00e9rdida de autonom\u00eda. Como respuesta, el gobierno ha introducido una serie de planes, [&hellip;]<\/p>\n","protected":false},"author":2,"featured_media":15407,"comment_status":"open","ping_status":"open","sticky":false,"template":"","format":"standard","meta":{"_acf_changed":false,"_eb_attr":"","footnotes":""},"categories":[256],"tags":[],"class_list":["post-16809","post","type-post","status-publish","format-standard","has-post-thumbnail","hentry","category-articulo-autonomia"],"acf":[],"yoast_head":"<!-- This site is optimized with the Yoast SEO plugin v27.5 - https:\/\/yoast.com\/product\/yoast-seo-wordpress\/ -->\n<title>EL PAQUETE AUTONOM\u00cdA: APOYO ESENCIAL PARA LAS RESIDENCIAS DE MAYORES | Mon Lien Visio<\/title>\n<meta name=\"robots\" content=\"index, follow, max-snippet:-1, max-image-preview:large, max-video-preview:-1\" \/>\n<link rel=\"canonical\" href=\"https:\/\/monlienvisio.fr\/le-forfait-autonomie-un-soutien-essentiel-pour-les-residences-seniors\/\" \/>\n<meta property=\"og:locale\" content=\"es_ES\" \/>\n<meta property=\"og:type\" content=\"article\" \/>\n<meta property=\"og:title\" content=\"EL PAQUETE AUTONOM\u00cdA: APOYO ESENCIAL PARA LAS RESIDENCIAS DE MAYORES | Mon Lien Visio\" \/>\n<meta property=\"og:description\" content=\"Introducci\u00f3n El envejecimiento de la poblaci\u00f3n es una realidad que la sociedad debe afrontar. En Francia, una proporci\u00f3n creciente de la poblaci\u00f3n tiene 60 a\u00f1os o m\u00e1s. Este cambio demogr\u00e1fico plantea importantes problemas de salud p\u00fablica, en particular la cuesti\u00f3n de la p\u00e9rdida de autonom\u00eda. Como respuesta, el gobierno ha introducido una serie de planes, [&hellip;]\" \/>\n<meta property=\"og:url\" content=\"https:\/\/monlienvisio.fr\/le-forfait-autonomie-un-soutien-essentiel-pour-les-residences-seniors\/\" \/>\n<meta property=\"og:site_name\" content=\"Mon Lien Visio\" \/>\n<meta property=\"article:publisher\" content=\"https:\/\/www.facebook.com\/monlienvisio\" \/>\n<meta property=\"article:published_time\" content=\"2023-11-02T11:37:59+00:00\" \/>\n<meta property=\"article:modified_time\" content=\"2025-05-09T06:31:43+00:00\" \/>\n<meta property=\"og:image\" content=\"https:\/\/monlienvisio.fr\/wp-content\/uploads\/2024\/07\/Capture-decran-2024-07-08-a-10.32.29.webp\" \/>\n\t<meta property=\"og:image:width\" content=\"1230\" \/>\n\t<meta property=\"og:image:height\" content=\"822\" \/>\n\t<meta property=\"og:image:type\" content=\"image\/webp\" \/>\n<meta name=\"author\" content=\"admin9923\" \/>\n<meta name=\"twitter:card\" content=\"summary_large_image\" \/>\n<meta name=\"twitter:creator\" content=\"@monlienvisio\" \/>\n<meta name=\"twitter:site\" content=\"@monlienvisio\" \/>\n<meta name=\"twitter:label1\" content=\"Escrito por\" \/>\n\t<meta name=\"twitter:data1\" content=\"admin9923\" \/>\n\t<meta name=\"twitter:label2\" content=\"Tiempo de lectura\" \/>\n\t<meta name=\"twitter:data2\" content=\"3 minutos\" \/>\n<script type=\"application\/ld+json\" class=\"yoast-schema-graph\">{\"@context\":\"https:\\\/\\\/schema.org\",\"@graph\":[{\"@type\":\"Article\",\"@id\":\"https:\\\/\\\/monlienvisio.fr\\\/le-forfait-autonomie-un-soutien-essentiel-pour-les-residences-seniors\\\/#article\",\"isPartOf\":{\"@id\":\"https:\\\/\\\/monlienvisio.fr\\\/le-forfait-autonomie-un-soutien-essentiel-pour-les-residences-seniors\\\/\"},\"author\":{\"name\":\"admin9923\",\"@id\":\"https:\\\/\\\/monlienvisio.fr\\\/#\\\/schema\\\/person\\\/c23c5aff4a9836f9f27cd99f4c22be85\"},\"headline\":\"EL PAQUETE AUTONOM\u00cdA: APOYO ESENCIAL PARA LAS RESIDENCIAS DE MAYORES\",\"datePublished\":\"2023-11-02T11:37:59+00:00\",\"dateModified\":\"2025-05-09T06:31:43+00:00\",\"mainEntityOfPage\":{\"@id\":\"https:\\\/\\\/monlienvisio.fr\\\/le-forfait-autonomie-un-soutien-essentiel-pour-les-residences-seniors\\\/\"},\"wordCount\":604,\"commentCount\":0,\"publisher\":{\"@id\":\"https:\\\/\\\/monlienvisio.fr\\\/#organization\"},\"image\":{\"@id\":\"https:\\\/\\\/monlienvisio.fr\\\/le-forfait-autonomie-un-soutien-essentiel-pour-les-residences-seniors\\\/#primaryimage\"},\"thumbnailUrl\":\"https:\\\/\\\/monlienvisio.fr\\\/wp-content\\\/uploads\\\/2024\\\/07\\\/Capture-decran-2024-07-08-a-10.32.29.webp\",\"articleSection\":[\"Art\u00edculo - autonom\u00eda\"],\"inLanguage\":\"es\",\"potentialAction\":[{\"@type\":\"CommentAction\",\"name\":\"Comment\",\"target\":[\"https:\\\/\\\/monlienvisio.fr\\\/le-forfait-autonomie-un-soutien-essentiel-pour-les-residences-seniors\\\/#respond\"]}]},{\"@type\":\"WebPage\",\"@id\":\"https:\\\/\\\/monlienvisio.fr\\\/le-forfait-autonomie-un-soutien-essentiel-pour-les-residences-seniors\\\/\",\"url\":\"https:\\\/\\\/monlienvisio.fr\\\/le-forfait-autonomie-un-soutien-essentiel-pour-les-residences-seniors\\\/\",\"name\":\"EL PAQUETE AUTONOM\u00cdA: APOYO ESENCIAL PARA LAS RESIDENCIAS DE MAYORES | Mon Lien Visio\",\"isPartOf\":{\"@id\":\"https:\\\/\\\/monlienvisio.fr\\\/#website\"},\"primaryImageOfPage\":{\"@id\":\"https:\\\/\\\/monlienvisio.fr\\\/le-forfait-autonomie-un-soutien-essentiel-pour-les-residences-seniors\\\/#primaryimage\"},\"image\":{\"@id\":\"https:\\\/\\\/monlienvisio.fr\\\/le-forfait-autonomie-un-soutien-essentiel-pour-les-residences-seniors\\\/#primaryimage\"},\"thumbnailUrl\":\"https:\\\/\\\/monlienvisio.fr\\\/wp-content\\\/uploads\\\/2024\\\/07\\\/Capture-decran-2024-07-08-a-10.32.29.webp\",\"datePublished\":\"2023-11-02T11:37:59+00:00\",\"dateModified\":\"2025-05-09T06:31:43+00:00\",\"breadcrumb\":{\"@id\":\"https:\\\/\\\/monlienvisio.fr\\\/le-forfait-autonomie-un-soutien-essentiel-pour-les-residences-seniors\\\/#breadcrumb\"},\"inLanguage\":\"es\",\"potentialAction\":[{\"@type\":\"ReadAction\",\"target\":[\"https:\\\/\\\/monlienvisio.fr\\\/le-forfait-autonomie-un-soutien-essentiel-pour-les-residences-seniors\\\/\"]}]},{\"@type\":\"ImageObject\",\"inLanguage\":\"es\",\"@id\":\"https:\\\/\\\/monlienvisio.fr\\\/le-forfait-autonomie-un-soutien-essentiel-pour-les-residences-seniors\\\/#primaryimage\",\"url\":\"https:\\\/\\\/monlienvisio.fr\\\/wp-content\\\/uploads\\\/2024\\\/07\\\/Capture-decran-2024-07-08-a-10.32.29.webp\",\"contentUrl\":\"https:\\\/\\\/monlienvisio.fr\\\/wp-content\\\/uploads\\\/2024\\\/07\\\/Capture-decran-2024-07-08-a-10.32.29.webp\",\"width\":1230,\"height\":822},{\"@type\":\"BreadcrumbList\",\"@id\":\"https:\\\/\\\/monlienvisio.fr\\\/le-forfait-autonomie-un-soutien-essentiel-pour-les-residences-seniors\\\/#breadcrumb\",\"itemListElement\":[{\"@type\":\"ListItem\",\"position\":1,\"name\":\"Accueil\",\"item\":\"https:\\\/\\\/monlienvisio.fr\\\/es\\\/\"},{\"@type\":\"ListItem\",\"position\":2,\"name\":\"EL PAQUETE AUTONOM\u00cdA: APOYO ESENCIAL PARA LAS RESIDENCIAS DE MAYORES\"}]},{\"@type\":\"WebSite\",\"@id\":\"https:\\\/\\\/monlienvisio.fr\\\/#website\",\"url\":\"https:\\\/\\\/monlienvisio.fr\\\/\",\"name\":\"Mon Lien Visio\",\"description\":\"Renforcer vos liens avec ceux qui comptent\",\"publisher\":{\"@id\":\"https:\\\/\\\/monlienvisio.fr\\\/#organization\"},\"alternateName\":\"MLV\",\"potentialAction\":[{\"@type\":\"SearchAction\",\"target\":{\"@type\":\"EntryPoint\",\"urlTemplate\":\"https:\\\/\\\/monlienvisio.fr\\\/?s={search_term_string}\"},\"query-input\":{\"@type\":\"PropertyValueSpecification\",\"valueRequired\":true,\"valueName\":\"search_term_string\"}}],\"inLanguage\":\"es\"},{\"@type\":\"Organization\",\"@id\":\"https:\\\/\\\/monlienvisio.fr\\\/#organization\",\"name\":\"Mon Lien Visio\",\"alternateName\":\"MLV\",\"url\":\"https:\\\/\\\/monlienvisio.fr\\\/\",\"logo\":{\"@type\":\"ImageObject\",\"inLanguage\":\"es\",\"@id\":\"https:\\\/\\\/monlienvisio.fr\\\/#\\\/schema\\\/logo\\\/image\\\/\",\"url\":\"https:\\\/\\\/monlienvisio.fr\\\/wp-content\\\/uploads\\\/2025\\\/03\\\/logo-MLV-Homelinks-512-x-512.png\",\"contentUrl\":\"https:\\\/\\\/monlienvisio.fr\\\/wp-content\\\/uploads\\\/2025\\\/03\\\/logo-MLV-Homelinks-512-x-512.png\",\"width\":512,\"height\":512,\"caption\":\"Mon Lien Visio\"},\"image\":{\"@id\":\"https:\\\/\\\/monlienvisio.fr\\\/#\\\/schema\\\/logo\\\/image\\\/\"},\"sameAs\":[\"https:\\\/\\\/www.facebook.com\\\/monlienvisio\",\"https:\\\/\\\/x.com\\\/monlienvisio\",\"https:\\\/\\\/www.instagram.com\\\/monlienvisio\\\/\",\"https:\\\/\\\/www.youtube.com\\\/channel\\\/UCSqRapa3VR6QOtwWgtiR-CQ\",\"https:\\\/\\\/www.linkedin.com\\\/company\\\/monlienvisio\\\/\"]},{\"@type\":\"Person\",\"@id\":\"https:\\\/\\\/monlienvisio.fr\\\/#\\\/schema\\\/person\\\/c23c5aff4a9836f9f27cd99f4c22be85\",\"name\":\"admin9923\",\"image\":{\"@type\":\"ImageObject\",\"inLanguage\":\"es\",\"@id\":\"https:\\\/\\\/secure.gravatar.com\\\/avatar\\\/68178fff884ab7e86a76129926eb0fd6343c3d415cdfd290f5407562ff78edfa?s=96&d=mm&r=g\",\"url\":\"https:\\\/\\\/secure.gravatar.com\\\/avatar\\\/68178fff884ab7e86a76129926eb0fd6343c3d415cdfd290f5407562ff78edfa?s=96&d=mm&r=g\",\"contentUrl\":\"https:\\\/\\\/secure.gravatar.com\\\/avatar\\\/68178fff884ab7e86a76129926eb0fd6343c3d415cdfd290f5407562ff78edfa?s=96&d=mm&r=g\",\"caption\":\"admin9923\"},\"url\":\"https:\\\/\\\/monlienvisio.fr\\\/es\\\/author\\\/admin9923\\\/\"}]}<\/script>\n<!-- \/ Yoast SEO plugin. -->","yoast_head_json":{"title":"EL PAQUETE AUTONOM\u00cdA: APOYO ESENCIAL PARA LAS RESIDENCIAS DE MAYORES | Mon Lien Visio","robots":{"index":"index","follow":"follow","max-snippet":"max-snippet:-1","max-image-preview":"max-image-preview:large","max-video-preview":"max-video-preview:-1"},"canonical":"https:\/\/monlienvisio.fr\/le-forfait-autonomie-un-soutien-essentiel-pour-les-residences-seniors\/","og_locale":"es_ES","og_type":"article","og_title":"EL PAQUETE AUTONOM\u00cdA: APOYO ESENCIAL PARA LAS RESIDENCIAS DE MAYORES | Mon Lien Visio","og_description":"Introducci\u00f3n El envejecimiento de la poblaci\u00f3n es una realidad que la sociedad debe afrontar. En Francia, una proporci\u00f3n creciente de la poblaci\u00f3n tiene 60 a\u00f1os o m\u00e1s. Este cambio demogr\u00e1fico plantea importantes problemas de salud p\u00fablica, en particular la cuesti\u00f3n de la p\u00e9rdida de autonom\u00eda. Como respuesta, el gobierno ha introducido una serie de planes, [&hellip;]","og_url":"https:\/\/monlienvisio.fr\/le-forfait-autonomie-un-soutien-essentiel-pour-les-residences-seniors\/","og_site_name":"Mon Lien Visio","article_publisher":"https:\/\/www.facebook.com\/monlienvisio","article_published_time":"2023-11-02T11:37:59+00:00","article_modified_time":"2025-05-09T06:31:43+00:00","og_image":[{"width":1230,"height":822,"url":"https:\/\/monlienvisio.fr\/wp-content\/uploads\/2024\/07\/Capture-decran-2024-07-08-a-10.32.29.webp","type":"image\/webp"}],"author":"admin9923","twitter_card":"summary_large_image","twitter_creator":"@monlienvisio","twitter_site":"@monlienvisio","twitter_misc":{"Escrito por":"admin9923","Tiempo de lectura":"3 minutos"},"schema":{"@context":"https:\/\/schema.org","@graph":[{"@type":"Article","@id":"https:\/\/monlienvisio.fr\/le-forfait-autonomie-un-soutien-essentiel-pour-les-residences-seniors\/#article","isPartOf":{"@id":"https:\/\/monlienvisio.fr\/le-forfait-autonomie-un-soutien-essentiel-pour-les-residences-seniors\/"},"author":{"name":"admin9923","@id":"https:\/\/monlienvisio.fr\/#\/schema\/person\/c23c5aff4a9836f9f27cd99f4c22be85"},"headline":"EL PAQUETE AUTONOM\u00cdA: APOYO ESENCIAL PARA LAS RESIDENCIAS DE MAYORES","datePublished":"2023-11-02T11:37:59+00:00","dateModified":"2025-05-09T06:31:43+00:00","mainEntityOfPage":{"@id":"https:\/\/monlienvisio.fr\/le-forfait-autonomie-un-soutien-essentiel-pour-les-residences-seniors\/"},"wordCount":604,"commentCount":0,"publisher":{"@id":"https:\/\/monlienvisio.fr\/#organization"},"image":{"@id":"https:\/\/monlienvisio.fr\/le-forfait-autonomie-un-soutien-essentiel-pour-les-residences-seniors\/#primaryimage"},"thumbnailUrl":"https:\/\/monlienvisio.fr\/wp-content\/uploads\/2024\/07\/Capture-decran-2024-07-08-a-10.32.29.webp","articleSection":["Art\u00edculo - autonom\u00eda"],"inLanguage":"es","potentialAction":[{"@type":"CommentAction","name":"Comment","target":["https:\/\/monlienvisio.fr\/le-forfait-autonomie-un-soutien-essentiel-pour-les-residences-seniors\/#respond"]}]},{"@type":"WebPage","@id":"https:\/\/monlienvisio.fr\/le-forfait-autonomie-un-soutien-essentiel-pour-les-residences-seniors\/","url":"https:\/\/monlienvisio.fr\/le-forfait-autonomie-un-soutien-essentiel-pour-les-residences-seniors\/","name":"EL PAQUETE AUTONOM\u00cdA: APOYO ESENCIAL PARA LAS RESIDENCIAS DE MAYORES | Mon Lien Visio","isPartOf":{"@id":"https:\/\/monlienvisio.fr\/#website"},"primaryImageOfPage":{"@id":"https:\/\/monlienvisio.fr\/le-forfait-autonomie-un-soutien-essentiel-pour-les-residences-seniors\/#primaryimage"},"image":{"@id":"https:\/\/monlienvisio.fr\/le-forfait-autonomie-un-soutien-essentiel-pour-les-residences-seniors\/#primaryimage"},"thumbnailUrl":"https:\/\/monlienvisio.fr\/wp-content\/uploads\/2024\/07\/Capture-decran-2024-07-08-a-10.32.29.webp","datePublished":"2023-11-02T11:37:59+00:00","dateModified":"2025-05-09T06:31:43+00:00","breadcrumb":{"@id":"https:\/\/monlienvisio.fr\/le-forfait-autonomie-un-soutien-essentiel-pour-les-residences-seniors\/#breadcrumb"},"inLanguage":"es","potentialAction":[{"@type":"ReadAction","target":["https:\/\/monlienvisio.fr\/le-forfait-autonomie-un-soutien-essentiel-pour-les-residences-seniors\/"]}]},{"@type":"ImageObject","inLanguage":"es","@id":"https:\/\/monlienvisio.fr\/le-forfait-autonomie-un-soutien-essentiel-pour-les-residences-seniors\/#primaryimage","url":"https:\/\/monlienvisio.fr\/wp-content\/uploads\/2024\/07\/Capture-decran-2024-07-08-a-10.32.29.webp","contentUrl":"https:\/\/monlienvisio.fr\/wp-content\/uploads\/2024\/07\/Capture-decran-2024-07-08-a-10.32.29.webp","width":1230,"height":822},{"@type":"BreadcrumbList","@id":"https:\/\/monlienvisio.fr\/le-forfait-autonomie-un-soutien-essentiel-pour-les-residences-seniors\/#breadcrumb","itemListElement":[{"@type":"ListItem","position":1,"name":"Accueil","item":"https:\/\/monlienvisio.fr\/es\/"},{"@type":"ListItem","position":2,"name":"EL PAQUETE AUTONOM\u00cdA: APOYO ESENCIAL PARA LAS RESIDENCIAS DE MAYORES"}]},{"@type":"WebSite","@id":"https:\/\/monlienvisio.fr\/#website","url":"https:\/\/monlienvisio.fr\/","name":"Mon Lien Visio","description":"Renforcer vos liens avec ceux qui comptent","publisher":{"@id":"https:\/\/monlienvisio.fr\/#organization"},"alternateName":"MLV","potentialAction":[{"@type":"SearchAction","target":{"@type":"EntryPoint","urlTemplate":"https:\/\/monlienvisio.fr\/?s={search_term_string}"},"query-input":{"@type":"PropertyValueSpecification","valueRequired":true,"valueName":"search_term_string"}}],"inLanguage":"es"},{"@type":"Organization","@id":"https:\/\/monlienvisio.fr\/#organization","name":"Mon Lien Visio","alternateName":"MLV","url":"https:\/\/monlienvisio.fr\/","logo":{"@type":"ImageObject","inLanguage":"es","@id":"https:\/\/monlienvisio.fr\/#\/schema\/logo\/image\/","url":"https:\/\/monlienvisio.fr\/wp-content\/uploads\/2025\/03\/logo-MLV-Homelinks-512-x-512.png","contentUrl":"https:\/\/monlienvisio.fr\/wp-content\/uploads\/2025\/03\/logo-MLV-Homelinks-512-x-512.png","width":512,"height":512,"caption":"Mon Lien Visio"},"image":{"@id":"https:\/\/monlienvisio.fr\/#\/schema\/logo\/image\/"},"sameAs":["https:\/\/www.facebook.com\/monlienvisio","https:\/\/x.com\/monlienvisio","https:\/\/www.instagram.com\/monlienvisio\/","https:\/\/www.youtube.com\/channel\/UCSqRapa3VR6QOtwWgtiR-CQ","https:\/\/www.linkedin.com\/company\/monlienvisio\/"]},{"@type":"Person","@id":"https:\/\/monlienvisio.fr\/#\/schema\/person\/c23c5aff4a9836f9f27cd99f4c22be85","name":"admin9923","image":{"@type":"ImageObject","inLanguage":"es","@id":"https:\/\/secure.gravatar.com\/avatar\/68178fff884ab7e86a76129926eb0fd6343c3d415cdfd290f5407562ff78edfa?s=96&d=mm&r=g","url":"https:\/\/secure.gravatar.com\/avatar\/68178fff884ab7e86a76129926eb0fd6343c3d415cdfd290f5407562ff78edfa?s=96&d=mm&r=g","contentUrl":"https:\/\/secure.gravatar.com\/avatar\/68178fff884ab7e86a76129926eb0fd6343c3d415cdfd290f5407562ff78edfa?s=96&d=mm&r=g","caption":"admin9923"},"url":"https:\/\/monlienvisio.fr\/es\/author\/admin9923\/"}]}},"_links":{"self":[{"href":"https:\/\/monlienvisio.fr\/es\/wp-json\/wp\/v2\/posts\/16809","targetHints":{"allow":["GET"]}}],"collection":[{"href":"https:\/\/monlienvisio.fr\/es\/wp-json\/wp\/v2\/posts"}],"about":[{"href":"https:\/\/monlienvisio.fr\/es\/wp-json\/wp\/v2\/types\/post"}],"author":[{"embeddable":true,"href":"https:\/\/monlienvisio.fr\/es\/wp-json\/wp\/v2\/users\/2"}],"replies":[{"embeddable":true,"href":"https:\/\/monlienvisio.fr\/es\/wp-json\/wp\/v2\/comments?post=16809"}],"version-history":[{"count":4,"href":"https:\/\/monlienvisio.fr\/es\/wp-json\/wp\/v2\/posts\/16809\/revisions"}],"predecessor-version":[{"id":17105,"href":"https:\/\/monlienvisio.fr\/es\/wp-json\/wp\/v2\/posts\/16809\/revisions\/17105"}],"wp:featuredmedia":[{"embeddable":true,"href":"https:\/\/monlienvisio.fr\/es\/wp-json\/wp\/v2\/media\/15407"}],"wp:attachment":[{"href":"https:\/\/monlienvisio.fr\/es\/wp-json\/wp\/v2\/media?parent=16809"}],"wp:term":[{"taxonomy":"category","embeddable":true,"href":"https:\/\/monlienvisio.fr\/es\/wp-json\/wp\/v2\/categories?post=16809"},{"taxonomy":"post_tag","embeddable":true,"href":"https:\/\/monlienvisio.fr\/es\/wp-json\/wp\/v2\/tags?post=16809"}],"curies":[{"name":"wp","href":"https:\/\/api.w.org\/{rel}","templated":true}]}}