{"id":16814,"date":"2023-09-02T12:39:05","date_gmt":"2023-09-02T10:39:05","guid":{"rendered":"https:\/\/monlienvisio.fr\/retrasar-la-perdida-de-independencia-una-prioridad-para-el-bienestar-de-las-personas-mayores\/"},"modified":"2025-05-11T09:01:12","modified_gmt":"2025-05-11T07:01:12","slug":"retrasar-la-perdida-de-independencia-una-prioridad-para-el-bienestar-de-las-personas-mayores","status":"publish","type":"post","link":"https:\/\/monlienvisio.fr\/es\/retrasar-la-perdida-de-independencia-una-prioridad-para-el-bienestar-de-las-personas-mayores\/","title":{"rendered":"RETRASAR LA P\u00c9RDIDA DE INDEPENDENCIA: UNA PRIORIDAD PARA EL BIENESTAR DE LAS PERSONAS MAYORES"},"content":{"rendered":"\n<p>La p\u00e9rdida de autonom\u00eda de las personas mayores es una preocupaci\u00f3n creciente en nuestras sociedades envejecidas. Prolongar esta autonom\u00eda no s\u00f3lo es crucial para el bienestar individual, sino tambi\u00e9n para aliviar la presi\u00f3n sobre los sistemas sanitarios y los centros asistenciales. Este art\u00edculo explora la importancia de retrasar la p\u00e9rdida de independencia y el impacto vital de mantener un v\u00ednculo fuerte con los cuidadores.  <\/p>\n\n<h3 class=\"wp-block-heading\">Los retos de la p\u00e9rdida de autonom\u00eda<\/h3>\n\n<p>La p\u00e9rdida de autonom\u00eda se manifiesta por un deterioro gradual de las capacidades f\u00edsicas y mentales, que dificulta cada vez m\u00e1s las tareas cotidianas. Esto puede conducir a una p\u00e9rdida de dignidad y control sobre la propia vida, que a menudo provoca sentimientos de frustraci\u00f3n, depresi\u00f3n y aislamiento. <\/p>\n\n<h4 class=\"wp-block-heading\">Consecuencias para la salud y el bienestar<\/h4>\n\n<ol class=\"wp-block-list\">\n<li><strong>Salud f\u00edsica<\/strong>: La independencia ampliada favorece una mejor salud f\u00edsica gracias a la actividad regular y a una dieta equilibrada.<\/li>\n\n\n\n<li><strong>Salud mental<\/strong>: Participar en actividades sociales e intelectuales estimula el cerebro y puede retrasar la aparici\u00f3n de trastornos cognitivos.<\/li>\n\n\n\n<li><strong>Calidad de vida<\/strong>: Mantener la independencia significa preservar el sentido de la dignidad y la satisfacci\u00f3n personal.<\/li>\n<\/ol>\n\n<h3 class=\"wp-block-heading\">Estrategias para retrasar la p\u00e9rdida de autonom\u00eda<\/h3>\n\n<p>Se pueden adoptar varios enfoques para retrasar la p\u00e9rdida de independencia:<\/p>\n\n<ol class=\"wp-block-list\">\n<li><strong>Actividad f\u00edsica<\/strong>: El ejercicio regular y adaptado, como andar, yoga o aer\u00f3bic acu\u00e1tico, es esencial para mantener la movilidad y la fuerza muscular.<\/li>\n\n\n\n<li><strong>Estimulaci\u00f3n cog<\/strong> nitiva: Participar en actividades que estimulen el cerebro, como la lectura, los juegos de memoria o los debates, ayuda a preservar la funci\u00f3n cognitiva.<\/li>\n\n\n\n<li><strong>Dieta equilibrada<\/strong>: Una dieta rica en nutrientes esenciales puede prevenir o retrasar la aparici\u00f3n de enfermedades relacionadas con la edad.<\/li>\n\n\n\n<li><strong>Socializaci\u00f3n<\/strong>: Mantener una interacci\u00f3n social regular es crucial para el bienestar emocional y mental.<\/li>\n<\/ol>\n\n<h3 class=\"wp-block-heading\">El papel crucial de los cuidadores<\/h3>\n\n<p>Los cuidadores, ya sean familiares o profesionales, desempe\u00f1an un papel fundamental en el apoyo a las personas mayores. Su presencia y ayuda pueden marcar una diferencia significativa para mantener la independencia. <\/p>\n\n<h4 class=\"wp-block-heading\">La importancia de mantener un fuerte v\u00ednculo con los cuidadores<\/h4>\n\n<ol class=\"wp-block-list\">\n<li><strong>Apoyo emocional<\/strong>: Los cuidadores proporcionan un apoyo emocional vital, ayudando a combatir la soledad y la ansiedad.<\/li>\n\n\n\n<li><strong>Seguimiento m\u00e9dico<\/strong>: Se aseguran de que las personas mayores siguen su tratamiento m\u00e9dico y acuden a las citas m\u00e9dicas necesarias.<\/li>\n\n\n\n<li><strong>Asistencia diaria<\/strong>: los cuidadores ayudan con las tareas cotidianas, facilitando la permanencia en casa.<\/li>\n\n\n\n<li><strong>Detecci\u00f3n precoz<\/strong>: Un cuidador atento puede detectar signos de deterioro de la salud en una fase temprana, lo que permite una intervenci\u00f3n r\u00e1pida.<\/li>\n<\/ol>\n\n<h3 class=\"wp-block-heading\">Promover una colaboraci\u00f3n eficaz<\/h3>\n\n<p>Para maximizar los beneficios del apoyo a los cuidadores, es esencial :<\/p>\n\n<ol class=\"wp-block-list\">\n<li><strong>Comunicaci\u00f3n abierta<\/strong>: El di\u00e1logo abierto y sincero entre la persona mayor y su cuidador es crucial para identificar las necesidades y preferencias.<\/li>\n\n\n\n<li><strong>Planificar juntos<\/strong>: implicar a las personas mayores en las decisiones sobre su propia asistencia refuerza su sensaci\u00f3n de control y dignidad.<\/li>\n\n\n\n<li><strong>Formaci\u00f3n de cuidadores<\/strong>: Proporcionar a los cuidadores las habilidades que necesitan para gestionar eficazmente las necesidades de las personas mayores.<\/li>\n<\/ol>\n\n<h3 class=\"wp-block-heading\">Conclusi\u00f3n<\/h3>\n\n<p>Retrasar la p\u00e9rdida de independencia es una prioridad para garantizar el bienestar de las personas mayores. Esto implica diversas estrategias, desde la actividad f\u00edsica y la estimulaci\u00f3n cognitiva hasta una dieta equilibrada y una vida social activa. Sin embargo, el elemento central de esta ecuaci\u00f3n sigue siendo el fuerte v\u00ednculo afectivo con los cuidadores. Su papel es inestimable para apoyar la autonom\u00eda y mejorar la calidad de vida de las personas mayores, demostrando que los cuidados no se limitan a los aspectos f\u00edsicos, sino que tambi\u00e9n abarcan los emocionales y relacionales. Promoviendo una colaboraci\u00f3n armoniosa entre los cuidadores y las personas mayores, podemos crear un entorno en el que la independencia no s\u00f3lo se prolongue, sino que tambi\u00e9n se enriquezca.    <\/p>\n","protected":false},"excerpt":{"rendered":"<p>La p\u00e9rdida de autonom\u00eda de las personas mayores es una preocupaci\u00f3n creciente en nuestras sociedades envejecidas. Prolongar esta autonom\u00eda no s\u00f3lo es crucial para el bienestar individual, sino tambi\u00e9n para aliviar la presi\u00f3n sobre los sistemas sanitarios y los centros asistenciales. Este art\u00edculo explora la importancia de retrasar la p\u00e9rdida de independencia y el impacto [&hellip;]<\/p>\n","protected":false},"author":2,"featured_media":15393,"comment_status":"open","ping_status":"open","sticky":false,"template":"","format":"standard","meta":{"_acf_changed":false,"_eb_attr":"","footnotes":""},"categories":[256],"tags":[],"class_list":["post-16814","post","type-post","status-publish","format-standard","has-post-thumbnail","hentry","category-articulo-autonomia"],"acf":[],"yoast_head":"<!-- This site is optimized with the Yoast SEO plugin v27.5 - https:\/\/yoast.com\/product\/yoast-seo-wordpress\/ -->\n<title>RETRASAR LA P\u00c9RDIDA DE INDEPENDENCIA: UNA PRIORIDAD PARA EL BIENESTAR DE LAS PERSONAS MAYORES | Mon Lien Visio<\/title>\n<meta name=\"robots\" content=\"index, follow, max-snippet:-1, max-image-preview:large, max-video-preview:-1\" \/>\n<link rel=\"canonical\" href=\"https:\/\/monlienvisio.fr\/retarder-la-perte-dautonomie-une-priorite-pour-le-bien-etre-des-personnes-agees\/\" \/>\n<meta property=\"og:locale\" content=\"es_ES\" \/>\n<meta property=\"og:type\" content=\"article\" \/>\n<meta property=\"og:title\" content=\"RETRASAR LA P\u00c9RDIDA DE INDEPENDENCIA: UNA PRIORIDAD PARA EL BIENESTAR DE LAS PERSONAS MAYORES | Mon Lien Visio\" \/>\n<meta property=\"og:description\" content=\"La p\u00e9rdida de autonom\u00eda de las personas mayores es una preocupaci\u00f3n creciente en nuestras sociedades envejecidas. Prolongar esta autonom\u00eda no s\u00f3lo es crucial para el bienestar individual, sino tambi\u00e9n para aliviar la presi\u00f3n sobre los sistemas sanitarios y los centros asistenciales. Este art\u00edculo explora la importancia de retrasar la p\u00e9rdida de independencia y el impacto [&hellip;]\" \/>\n<meta property=\"og:url\" content=\"https:\/\/monlienvisio.fr\/retarder-la-perte-dautonomie-une-priorite-pour-le-bien-etre-des-personnes-agees\/\" \/>\n<meta property=\"og:site_name\" content=\"Mon Lien Visio\" \/>\n<meta property=\"article:publisher\" content=\"https:\/\/www.facebook.com\/monlienvisio\" \/>\n<meta property=\"article:published_time\" content=\"2023-09-02T10:39:05+00:00\" \/>\n<meta property=\"article:modified_time\" content=\"2025-05-11T07:01:12+00:00\" \/>\n<meta property=\"og:image\" content=\"https:\/\/monlienvisio.fr\/wp-content\/uploads\/2024\/07\/Capture-decran-2024-07-01-a-09.32.30.webp\" \/>\n\t<meta property=\"og:image:width\" content=\"746\" \/>\n\t<meta property=\"og:image:height\" content=\"522\" \/>\n\t<meta property=\"og:image:type\" content=\"image\/webp\" \/>\n<meta name=\"author\" content=\"admin9923\" \/>\n<meta name=\"twitter:card\" content=\"summary_large_image\" \/>\n<meta name=\"twitter:creator\" content=\"@monlienvisio\" \/>\n<meta name=\"twitter:site\" content=\"@monlienvisio\" \/>\n<meta name=\"twitter:label1\" content=\"Escrito por\" \/>\n\t<meta name=\"twitter:data1\" content=\"admin9923\" \/>\n\t<meta name=\"twitter:label2\" content=\"Tiempo de lectura\" \/>\n\t<meta name=\"twitter:data2\" content=\"3 minutos\" \/>\n<script type=\"application\/ld+json\" class=\"yoast-schema-graph\">{\"@context\":\"https:\\\/\\\/schema.org\",\"@graph\":[{\"@type\":\"Article\",\"@id\":\"https:\\\/\\\/monlienvisio.fr\\\/retarder-la-perte-dautonomie-une-priorite-pour-le-bien-etre-des-personnes-agees\\\/#article\",\"isPartOf\":{\"@id\":\"https:\\\/\\\/monlienvisio.fr\\\/retarder-la-perte-dautonomie-une-priorite-pour-le-bien-etre-des-personnes-agees\\\/\"},\"author\":{\"name\":\"admin9923\",\"@id\":\"https:\\\/\\\/monlienvisio.fr\\\/#\\\/schema\\\/person\\\/c23c5aff4a9836f9f27cd99f4c22be85\"},\"headline\":\"RETRASAR LA P\u00c9RDIDA DE INDEPENDENCIA: UNA PRIORIDAD PARA EL BIENESTAR DE LAS PERSONAS MAYORES\",\"datePublished\":\"2023-09-02T10:39:05+00:00\",\"dateModified\":\"2025-05-11T07:01:12+00:00\",\"mainEntityOfPage\":{\"@id\":\"https:\\\/\\\/monlienvisio.fr\\\/retarder-la-perte-dautonomie-une-priorite-pour-le-bien-etre-des-personnes-agees\\\/\"},\"wordCount\":677,\"commentCount\":0,\"publisher\":{\"@id\":\"https:\\\/\\\/monlienvisio.fr\\\/#organization\"},\"image\":{\"@id\":\"https:\\\/\\\/monlienvisio.fr\\\/retarder-la-perte-dautonomie-une-priorite-pour-le-bien-etre-des-personnes-agees\\\/#primaryimage\"},\"thumbnailUrl\":\"https:\\\/\\\/monlienvisio.fr\\\/wp-content\\\/uploads\\\/2024\\\/07\\\/Capture-decran-2024-07-01-a-09.32.30.webp\",\"articleSection\":[\"Art\u00edculo - autonom\u00eda\"],\"inLanguage\":\"es\",\"potentialAction\":[{\"@type\":\"CommentAction\",\"name\":\"Comment\",\"target\":[\"https:\\\/\\\/monlienvisio.fr\\\/retarder-la-perte-dautonomie-une-priorite-pour-le-bien-etre-des-personnes-agees\\\/#respond\"]}]},{\"@type\":\"WebPage\",\"@id\":\"https:\\\/\\\/monlienvisio.fr\\\/retarder-la-perte-dautonomie-une-priorite-pour-le-bien-etre-des-personnes-agees\\\/\",\"url\":\"https:\\\/\\\/monlienvisio.fr\\\/retarder-la-perte-dautonomie-une-priorite-pour-le-bien-etre-des-personnes-agees\\\/\",\"name\":\"RETRASAR LA P\u00c9RDIDA DE INDEPENDENCIA: UNA PRIORIDAD PARA EL BIENESTAR DE LAS PERSONAS MAYORES | Mon Lien Visio\",\"isPartOf\":{\"@id\":\"https:\\\/\\\/monlienvisio.fr\\\/#website\"},\"primaryImageOfPage\":{\"@id\":\"https:\\\/\\\/monlienvisio.fr\\\/retarder-la-perte-dautonomie-une-priorite-pour-le-bien-etre-des-personnes-agees\\\/#primaryimage\"},\"image\":{\"@id\":\"https:\\\/\\\/monlienvisio.fr\\\/retarder-la-perte-dautonomie-une-priorite-pour-le-bien-etre-des-personnes-agees\\\/#primaryimage\"},\"thumbnailUrl\":\"https:\\\/\\\/monlienvisio.fr\\\/wp-content\\\/uploads\\\/2024\\\/07\\\/Capture-decran-2024-07-01-a-09.32.30.webp\",\"datePublished\":\"2023-09-02T10:39:05+00:00\",\"dateModified\":\"2025-05-11T07:01:12+00:00\",\"breadcrumb\":{\"@id\":\"https:\\\/\\\/monlienvisio.fr\\\/retarder-la-perte-dautonomie-une-priorite-pour-le-bien-etre-des-personnes-agees\\\/#breadcrumb\"},\"inLanguage\":\"es\",\"potentialAction\":[{\"@type\":\"ReadAction\",\"target\":[\"https:\\\/\\\/monlienvisio.fr\\\/retarder-la-perte-dautonomie-une-priorite-pour-le-bien-etre-des-personnes-agees\\\/\"]}]},{\"@type\":\"ImageObject\",\"inLanguage\":\"es\",\"@id\":\"https:\\\/\\\/monlienvisio.fr\\\/retarder-la-perte-dautonomie-une-priorite-pour-le-bien-etre-des-personnes-agees\\\/#primaryimage\",\"url\":\"https:\\\/\\\/monlienvisio.fr\\\/wp-content\\\/uploads\\\/2024\\\/07\\\/Capture-decran-2024-07-01-a-09.32.30.webp\",\"contentUrl\":\"https:\\\/\\\/monlienvisio.fr\\\/wp-content\\\/uploads\\\/2024\\\/07\\\/Capture-decran-2024-07-01-a-09.32.30.webp\",\"width\":746,\"height\":522},{\"@type\":\"BreadcrumbList\",\"@id\":\"https:\\\/\\\/monlienvisio.fr\\\/retarder-la-perte-dautonomie-une-priorite-pour-le-bien-etre-des-personnes-agees\\\/#breadcrumb\",\"itemListElement\":[{\"@type\":\"ListItem\",\"position\":1,\"name\":\"Accueil\",\"item\":\"https:\\\/\\\/monlienvisio.fr\\\/es\\\/\"},{\"@type\":\"ListItem\",\"position\":2,\"name\":\"RETRASAR LA P\u00c9RDIDA DE INDEPENDENCIA: UNA PRIORIDAD PARA EL BIENESTAR DE LAS PERSONAS MAYORES\"}]},{\"@type\":\"WebSite\",\"@id\":\"https:\\\/\\\/monlienvisio.fr\\\/#website\",\"url\":\"https:\\\/\\\/monlienvisio.fr\\\/\",\"name\":\"Mon Lien Visio\",\"description\":\"Renforcer vos liens avec ceux qui comptent\",\"publisher\":{\"@id\":\"https:\\\/\\\/monlienvisio.fr\\\/#organization\"},\"alternateName\":\"MLV\",\"potentialAction\":[{\"@type\":\"SearchAction\",\"target\":{\"@type\":\"EntryPoint\",\"urlTemplate\":\"https:\\\/\\\/monlienvisio.fr\\\/?s={search_term_string}\"},\"query-input\":{\"@type\":\"PropertyValueSpecification\",\"valueRequired\":true,\"valueName\":\"search_term_string\"}}],\"inLanguage\":\"es\"},{\"@type\":\"Organization\",\"@id\":\"https:\\\/\\\/monlienvisio.fr\\\/#organization\",\"name\":\"Mon Lien Visio\",\"alternateName\":\"MLV\",\"url\":\"https:\\\/\\\/monlienvisio.fr\\\/\",\"logo\":{\"@type\":\"ImageObject\",\"inLanguage\":\"es\",\"@id\":\"https:\\\/\\\/monlienvisio.fr\\\/#\\\/schema\\\/logo\\\/image\\\/\",\"url\":\"https:\\\/\\\/monlienvisio.fr\\\/wp-content\\\/uploads\\\/2025\\\/03\\\/logo-MLV-Homelinks-512-x-512.png\",\"contentUrl\":\"https:\\\/\\\/monlienvisio.fr\\\/wp-content\\\/uploads\\\/2025\\\/03\\\/logo-MLV-Homelinks-512-x-512.png\",\"width\":512,\"height\":512,\"caption\":\"Mon Lien Visio\"},\"image\":{\"@id\":\"https:\\\/\\\/monlienvisio.fr\\\/#\\\/schema\\\/logo\\\/image\\\/\"},\"sameAs\":[\"https:\\\/\\\/www.facebook.com\\\/monlienvisio\",\"https:\\\/\\\/x.com\\\/monlienvisio\",\"https:\\\/\\\/www.instagram.com\\\/monlienvisio\\\/\",\"https:\\\/\\\/www.youtube.com\\\/channel\\\/UCSqRapa3VR6QOtwWgtiR-CQ\",\"https:\\\/\\\/www.linkedin.com\\\/company\\\/monlienvisio\\\/\"]},{\"@type\":\"Person\",\"@id\":\"https:\\\/\\\/monlienvisio.fr\\\/#\\\/schema\\\/person\\\/c23c5aff4a9836f9f27cd99f4c22be85\",\"name\":\"admin9923\",\"image\":{\"@type\":\"ImageObject\",\"inLanguage\":\"es\",\"@id\":\"https:\\\/\\\/secure.gravatar.com\\\/avatar\\\/68178fff884ab7e86a76129926eb0fd6343c3d415cdfd290f5407562ff78edfa?s=96&d=mm&r=g\",\"url\":\"https:\\\/\\\/secure.gravatar.com\\\/avatar\\\/68178fff884ab7e86a76129926eb0fd6343c3d415cdfd290f5407562ff78edfa?s=96&d=mm&r=g\",\"contentUrl\":\"https:\\\/\\\/secure.gravatar.com\\\/avatar\\\/68178fff884ab7e86a76129926eb0fd6343c3d415cdfd290f5407562ff78edfa?s=96&d=mm&r=g\",\"caption\":\"admin9923\"},\"url\":\"https:\\\/\\\/monlienvisio.fr\\\/es\\\/author\\\/admin9923\\\/\"}]}<\/script>\n<!-- \/ Yoast SEO plugin. -->","yoast_head_json":{"title":"RETRASAR LA P\u00c9RDIDA DE INDEPENDENCIA: UNA PRIORIDAD PARA EL BIENESTAR DE LAS PERSONAS MAYORES | Mon Lien Visio","robots":{"index":"index","follow":"follow","max-snippet":"max-snippet:-1","max-image-preview":"max-image-preview:large","max-video-preview":"max-video-preview:-1"},"canonical":"https:\/\/monlienvisio.fr\/retarder-la-perte-dautonomie-une-priorite-pour-le-bien-etre-des-personnes-agees\/","og_locale":"es_ES","og_type":"article","og_title":"RETRASAR LA P\u00c9RDIDA DE INDEPENDENCIA: UNA PRIORIDAD PARA EL BIENESTAR DE LAS PERSONAS MAYORES | Mon Lien Visio","og_description":"La p\u00e9rdida de autonom\u00eda de las personas mayores es una preocupaci\u00f3n creciente en nuestras sociedades envejecidas. Prolongar esta autonom\u00eda no s\u00f3lo es crucial para el bienestar individual, sino tambi\u00e9n para aliviar la presi\u00f3n sobre los sistemas sanitarios y los centros asistenciales. Este art\u00edculo explora la importancia de retrasar la p\u00e9rdida de independencia y el impacto [&hellip;]","og_url":"https:\/\/monlienvisio.fr\/retarder-la-perte-dautonomie-une-priorite-pour-le-bien-etre-des-personnes-agees\/","og_site_name":"Mon Lien Visio","article_publisher":"https:\/\/www.facebook.com\/monlienvisio","article_published_time":"2023-09-02T10:39:05+00:00","article_modified_time":"2025-05-11T07:01:12+00:00","og_image":[{"width":746,"height":522,"url":"https:\/\/monlienvisio.fr\/wp-content\/uploads\/2024\/07\/Capture-decran-2024-07-01-a-09.32.30.webp","type":"image\/webp"}],"author":"admin9923","twitter_card":"summary_large_image","twitter_creator":"@monlienvisio","twitter_site":"@monlienvisio","twitter_misc":{"Escrito por":"admin9923","Tiempo de lectura":"3 minutos"},"schema":{"@context":"https:\/\/schema.org","@graph":[{"@type":"Article","@id":"https:\/\/monlienvisio.fr\/retarder-la-perte-dautonomie-une-priorite-pour-le-bien-etre-des-personnes-agees\/#article","isPartOf":{"@id":"https:\/\/monlienvisio.fr\/retarder-la-perte-dautonomie-une-priorite-pour-le-bien-etre-des-personnes-agees\/"},"author":{"name":"admin9923","@id":"https:\/\/monlienvisio.fr\/#\/schema\/person\/c23c5aff4a9836f9f27cd99f4c22be85"},"headline":"RETRASAR LA P\u00c9RDIDA DE INDEPENDENCIA: UNA PRIORIDAD PARA EL BIENESTAR DE LAS PERSONAS MAYORES","datePublished":"2023-09-02T10:39:05+00:00","dateModified":"2025-05-11T07:01:12+00:00","mainEntityOfPage":{"@id":"https:\/\/monlienvisio.fr\/retarder-la-perte-dautonomie-une-priorite-pour-le-bien-etre-des-personnes-agees\/"},"wordCount":677,"commentCount":0,"publisher":{"@id":"https:\/\/monlienvisio.fr\/#organization"},"image":{"@id":"https:\/\/monlienvisio.fr\/retarder-la-perte-dautonomie-une-priorite-pour-le-bien-etre-des-personnes-agees\/#primaryimage"},"thumbnailUrl":"https:\/\/monlienvisio.fr\/wp-content\/uploads\/2024\/07\/Capture-decran-2024-07-01-a-09.32.30.webp","articleSection":["Art\u00edculo - autonom\u00eda"],"inLanguage":"es","potentialAction":[{"@type":"CommentAction","name":"Comment","target":["https:\/\/monlienvisio.fr\/retarder-la-perte-dautonomie-une-priorite-pour-le-bien-etre-des-personnes-agees\/#respond"]}]},{"@type":"WebPage","@id":"https:\/\/monlienvisio.fr\/retarder-la-perte-dautonomie-une-priorite-pour-le-bien-etre-des-personnes-agees\/","url":"https:\/\/monlienvisio.fr\/retarder-la-perte-dautonomie-une-priorite-pour-le-bien-etre-des-personnes-agees\/","name":"RETRASAR LA P\u00c9RDIDA DE INDEPENDENCIA: UNA PRIORIDAD PARA EL BIENESTAR DE LAS PERSONAS MAYORES | Mon Lien Visio","isPartOf":{"@id":"https:\/\/monlienvisio.fr\/#website"},"primaryImageOfPage":{"@id":"https:\/\/monlienvisio.fr\/retarder-la-perte-dautonomie-une-priorite-pour-le-bien-etre-des-personnes-agees\/#primaryimage"},"image":{"@id":"https:\/\/monlienvisio.fr\/retarder-la-perte-dautonomie-une-priorite-pour-le-bien-etre-des-personnes-agees\/#primaryimage"},"thumbnailUrl":"https:\/\/monlienvisio.fr\/wp-content\/uploads\/2024\/07\/Capture-decran-2024-07-01-a-09.32.30.webp","datePublished":"2023-09-02T10:39:05+00:00","dateModified":"2025-05-11T07:01:12+00:00","breadcrumb":{"@id":"https:\/\/monlienvisio.fr\/retarder-la-perte-dautonomie-une-priorite-pour-le-bien-etre-des-personnes-agees\/#breadcrumb"},"inLanguage":"es","potentialAction":[{"@type":"ReadAction","target":["https:\/\/monlienvisio.fr\/retarder-la-perte-dautonomie-une-priorite-pour-le-bien-etre-des-personnes-agees\/"]}]},{"@type":"ImageObject","inLanguage":"es","@id":"https:\/\/monlienvisio.fr\/retarder-la-perte-dautonomie-une-priorite-pour-le-bien-etre-des-personnes-agees\/#primaryimage","url":"https:\/\/monlienvisio.fr\/wp-content\/uploads\/2024\/07\/Capture-decran-2024-07-01-a-09.32.30.webp","contentUrl":"https:\/\/monlienvisio.fr\/wp-content\/uploads\/2024\/07\/Capture-decran-2024-07-01-a-09.32.30.webp","width":746,"height":522},{"@type":"BreadcrumbList","@id":"https:\/\/monlienvisio.fr\/retarder-la-perte-dautonomie-une-priorite-pour-le-bien-etre-des-personnes-agees\/#breadcrumb","itemListElement":[{"@type":"ListItem","position":1,"name":"Accueil","item":"https:\/\/monlienvisio.fr\/es\/"},{"@type":"ListItem","position":2,"name":"RETRASAR LA P\u00c9RDIDA DE INDEPENDENCIA: UNA PRIORIDAD PARA EL BIENESTAR DE LAS PERSONAS MAYORES"}]},{"@type":"WebSite","@id":"https:\/\/monlienvisio.fr\/#website","url":"https:\/\/monlienvisio.fr\/","name":"Mon Lien Visio","description":"Renforcer vos liens avec ceux qui comptent","publisher":{"@id":"https:\/\/monlienvisio.fr\/#organization"},"alternateName":"MLV","potentialAction":[{"@type":"SearchAction","target":{"@type":"EntryPoint","urlTemplate":"https:\/\/monlienvisio.fr\/?s={search_term_string}"},"query-input":{"@type":"PropertyValueSpecification","valueRequired":true,"valueName":"search_term_string"}}],"inLanguage":"es"},{"@type":"Organization","@id":"https:\/\/monlienvisio.fr\/#organization","name":"Mon Lien Visio","alternateName":"MLV","url":"https:\/\/monlienvisio.fr\/","logo":{"@type":"ImageObject","inLanguage":"es","@id":"https:\/\/monlienvisio.fr\/#\/schema\/logo\/image\/","url":"https:\/\/monlienvisio.fr\/wp-content\/uploads\/2025\/03\/logo-MLV-Homelinks-512-x-512.png","contentUrl":"https:\/\/monlienvisio.fr\/wp-content\/uploads\/2025\/03\/logo-MLV-Homelinks-512-x-512.png","width":512,"height":512,"caption":"Mon Lien Visio"},"image":{"@id":"https:\/\/monlienvisio.fr\/#\/schema\/logo\/image\/"},"sameAs":["https:\/\/www.facebook.com\/monlienvisio","https:\/\/x.com\/monlienvisio","https:\/\/www.instagram.com\/monlienvisio\/","https:\/\/www.youtube.com\/channel\/UCSqRapa3VR6QOtwWgtiR-CQ","https:\/\/www.linkedin.com\/company\/monlienvisio\/"]},{"@type":"Person","@id":"https:\/\/monlienvisio.fr\/#\/schema\/person\/c23c5aff4a9836f9f27cd99f4c22be85","name":"admin9923","image":{"@type":"ImageObject","inLanguage":"es","@id":"https:\/\/secure.gravatar.com\/avatar\/68178fff884ab7e86a76129926eb0fd6343c3d415cdfd290f5407562ff78edfa?s=96&d=mm&r=g","url":"https:\/\/secure.gravatar.com\/avatar\/68178fff884ab7e86a76129926eb0fd6343c3d415cdfd290f5407562ff78edfa?s=96&d=mm&r=g","contentUrl":"https:\/\/secure.gravatar.com\/avatar\/68178fff884ab7e86a76129926eb0fd6343c3d415cdfd290f5407562ff78edfa?s=96&d=mm&r=g","caption":"admin9923"},"url":"https:\/\/monlienvisio.fr\/es\/author\/admin9923\/"}]}},"_links":{"self":[{"href":"https:\/\/monlienvisio.fr\/es\/wp-json\/wp\/v2\/posts\/16814","targetHints":{"allow":["GET"]}}],"collection":[{"href":"https:\/\/monlienvisio.fr\/es\/wp-json\/wp\/v2\/posts"}],"about":[{"href":"https:\/\/monlienvisio.fr\/es\/wp-json\/wp\/v2\/types\/post"}],"author":[{"embeddable":true,"href":"https:\/\/monlienvisio.fr\/es\/wp-json\/wp\/v2\/users\/2"}],"replies":[{"embeddable":true,"href":"https:\/\/monlienvisio.fr\/es\/wp-json\/wp\/v2\/comments?post=16814"}],"version-history":[{"count":4,"href":"https:\/\/monlienvisio.fr\/es\/wp-json\/wp\/v2\/posts\/16814\/revisions"}],"predecessor-version":[{"id":17482,"href":"https:\/\/monlienvisio.fr\/es\/wp-json\/wp\/v2\/posts\/16814\/revisions\/17482"}],"wp:featuredmedia":[{"embeddable":true,"href":"https:\/\/monlienvisio.fr\/es\/wp-json\/wp\/v2\/media\/15393"}],"wp:attachment":[{"href":"https:\/\/monlienvisio.fr\/es\/wp-json\/wp\/v2\/media?parent=16814"}],"wp:term":[{"taxonomy":"category","embeddable":true,"href":"https:\/\/monlienvisio.fr\/es\/wp-json\/wp\/v2\/categories?post=16814"},{"taxonomy":"post_tag","embeddable":true,"href":"https:\/\/monlienvisio.fr\/es\/wp-json\/wp\/v2\/tags?post=16814"}],"curies":[{"name":"wp","href":"https:\/\/api.w.org\/{rel}","templated":true}]}}