{"id":16816,"date":"2023-07-02T12:40:18","date_gmt":"2023-07-02T10:40:18","guid":{"rendered":"https:\/\/monlienvisio.fr\/la-brecha-digital-cuando-las-personas-mayores-se-enfrentan-a-las-herramientas-digitales\/"},"modified":"2025-05-06T09:39:23","modified_gmt":"2025-05-06T07:39:23","slug":"la-brecha-digital-cuando-las-personas-mayores-se-enfrentan-a-las-herramientas-digitales","status":"publish","type":"post","link":"https:\/\/monlienvisio.fr\/es\/la-brecha-digital-cuando-las-personas-mayores-se-enfrentan-a-las-herramientas-digitales\/","title":{"rendered":"LA BRECHA DIGITAL: CUANDO LAS PERSONAS MAYORES SE ENFRENTAN A LAS HERRAMIENTAS DIGITALES"},"content":{"rendered":"\n<p>La era digital promete avances tecnol\u00f3gicos espectaculares, pero tambi\u00e9n presenta retos importantes, sobre todo para las personas mayores. Cada vez m\u00e1s personas mayores se encuentran perdidas a la hora de utilizar las herramientas digitales, un fen\u00f3meno que acent\u00faa la brecha digital y el aislamiento social. <\/p>\n\n<h4 class=\"wp-block-heading\">Los retos digitales a los que se enfrentan los mayores<\/h4>\n\n<p><strong>1. Falta de conocimientos t\u00e9cnicos<\/strong><\/p>\n\n<p>Muchas personas mayores no han crecido con la tecnolog\u00eda digital y se encuentran desfasadas respecto a los avances actuales. Aprender a utilizar un smartphone, un ordenador o incluso una tableta puede ser una monta\u00f1a insuperable que escalar. Seg\u00fan un estudio del INSEE, casi el 17% de los franceses mayores de 60 a\u00f1os no han utilizado nunca Internet.  <\/p>\n\n<p><strong>2. Complejidad de la interfaz de usuario<\/strong><\/p>\n\n<p>Las interfaces de usuario de las nuevas tecnolog\u00edas suelen estar dise\u00f1adas para nativos digitales, dejando de lado las necesidades de los usuarios menos familiarizados con estas herramientas. Las personas mayores pueden encontrar los men\u00fas y los iconos confusos o incluso incomprensibles, lo que desincentiva su uso. <\/p>\n\n<p><strong>3. Miedo a cometer errores<\/strong><\/p>\n\n<p>El miedo a cometer errores irreversibles es com\u00fan entre las personas mayores. Este miedo a menudo les impide tomar la iniciativa de aprender y explorar nuevas tecnolog\u00edas. Un informe de la Fundaci\u00f3n M\u00e9d\u00e9ric Alzheimer subraya que la ansiedad ante el uso de la tecnolog\u00eda es un obst\u00e1culo importante para las personas mayores.  <\/p>\n\n<h4 class=\"wp-block-heading\">Consecuencias de la exclusi\u00f3n digital<\/h4>\n\n<p><strong>Aislamiento social<\/strong><\/p>\n\n<p>El aislamiento social es una de las consecuencias m\u00e1s graves de la exclusi\u00f3n digital. Herramientas digitales como las redes sociales, las aplicaciones de mensajer\u00eda y las plataformas de v\u00eddeo se han convertido en medios esenciales para mantener los v\u00ednculos sociales. Las personas mayores que no dominan estas herramientas a menudo se encuentran aisladas, sobre todo en tiempos de crisis como la pandemia del COVID-19.  <\/p>\n\n<p><strong>Dificultades para acceder a los servicios esenciales<\/strong><\/p>\n\n<p>Cada vez m\u00e1s servicios p\u00fablicos y privados, como los tr\u00e1mites administrativos, los servicios bancarios y las citas m\u00e9dicas, se mueven en l\u00ednea. Las personas mayores que no pueden navegar por Internet o utilizar aplicaciones m\u00f3viles tienen m\u00e1s dificultades para acceder a estos servicios, lo que agrava su vulnerabilidad. <\/p>\n\n<h4 class=\"wp-block-heading\">Iniciativas para combatir la brecha digital<\/h4>\n\n<p><strong>Programas de formaci\u00f3n<\/strong><\/p>\n\n<p>Cada vez hay m\u00e1s programas de formaci\u00f3n dirigidos a las personas mayores. Por ejemplo, el programa \u00abAidants Connect\u00bb de Francia pretende formar a cuidadores digitales para que ayuden a los mayores a utilizar las herramientas digitales. <\/p>\n\n<p><strong>Simplificaci\u00f3n de las tecnolog\u00edas<\/strong><\/p>\n\n<p>Algunas empresas tecnol\u00f3gicas se est\u00e1n dando cuenta de este problema y est\u00e1n trabajando para simplificar sus productos. Est\u00e1n empezando a aparecer en el mercado tel\u00e9fonos inteligentes y tabletas dise\u00f1ados espec\u00edficamente para personas mayores, con interfaces m\u00e1s intuitivas y funciones simplificadas. <\/p>\n\n<p><strong>Iniciativas de la Asociaci\u00f3n<\/strong><\/p>\n\n<p>Organizaciones como Les Petits Fr\u00e8res des Pauvres y Emma\u00fcs Connect desempe\u00f1an un papel crucial a la hora de ayudar a las personas mayores a familiarizarse con las herramientas digitales. Estas organizaciones ofrecen talleres, formaci\u00f3n y apoyo continuo para fomentar la inclusi\u00f3n digital de las personas mayores. <\/p>\n\n<h3 class=\"wp-block-heading\">Conclusi\u00f3n<\/h3>\n\n<p>La inclusi\u00f3n digital de los mayores es un reto importante para nuestra sociedad. A medida que la tecnolog\u00eda sigue evolucionando, es crucial poner en marcha estrategias e iniciativas para apoyar a las personas mayores en esta transici\u00f3n. Reducir la brecha digital no s\u00f3lo beneficiar\u00e1 a los mayores, sino que tambi\u00e9n contribuir\u00e1 a una sociedad m\u00e1s equitativa y conectada.  <\/p>\n\n<p>Para saber m\u00e1s sobre las iniciativas y recursos disponibles, puedes consultar los sitios web de las asociaciones mencionadas y los programas gubernamentales dedicados a la inclusi\u00f3n digital de las personas mayores.<\/p>\n","protected":false},"excerpt":{"rendered":"<p>La era digital promete avances tecnol\u00f3gicos espectaculares, pero tambi\u00e9n presenta retos importantes, sobre todo para las personas mayores. Cada vez m\u00e1s personas mayores se encuentran perdidas a la hora de utilizar las herramientas digitales, un fen\u00f3meno que acent\u00faa la brecha digital y el aislamiento social. Los retos digitales a los que se enfrentan los mayores [&hellip;]<\/p>\n","protected":false},"author":2,"featured_media":15309,"comment_status":"open","ping_status":"open","sticky":false,"template":"","format":"standard","meta":{"_acf_changed":false,"_eb_attr":"","footnotes":""},"categories":[257],"tags":[],"class_list":["post-16816","post","type-post","status-publish","format-standard","has-post-thumbnail","hentry","category-articulo-accesibilidad"],"acf":[],"yoast_head":"<!-- This site is optimized with the Yoast SEO plugin v27.5 - https:\/\/yoast.com\/product\/yoast-seo-wordpress\/ -->\n<title>LA BRECHA DIGITAL: CUANDO LAS PERSONAS MAYORES SE ENFRENTAN A LAS HERRAMIENTAS DIGITALES | Mon Lien Visio<\/title>\n<meta name=\"robots\" content=\"index, follow, max-snippet:-1, max-image-preview:large, max-video-preview:-1\" \/>\n<link rel=\"canonical\" href=\"https:\/\/monlienvisio.fr\/la-fracture-numerique-quand-les-aines-se-heurtent-aux-outils-digitaux\/\" \/>\n<meta property=\"og:locale\" content=\"es_ES\" \/>\n<meta property=\"og:type\" content=\"article\" \/>\n<meta property=\"og:title\" content=\"LA BRECHA DIGITAL: CUANDO LAS PERSONAS MAYORES SE ENFRENTAN A LAS HERRAMIENTAS DIGITALES | Mon Lien Visio\" \/>\n<meta property=\"og:description\" content=\"La era digital promete avances tecnol\u00f3gicos espectaculares, pero tambi\u00e9n presenta retos importantes, sobre todo para las personas mayores. Cada vez m\u00e1s personas mayores se encuentran perdidas a la hora de utilizar las herramientas digitales, un fen\u00f3meno que acent\u00faa la brecha digital y el aislamiento social. Los retos digitales a los que se enfrentan los mayores [&hellip;]\" \/>\n<meta property=\"og:url\" content=\"https:\/\/monlienvisio.fr\/la-fracture-numerique-quand-les-aines-se-heurtent-aux-outils-digitaux\/\" \/>\n<meta property=\"og:site_name\" content=\"Mon Lien Visio\" \/>\n<meta property=\"article:publisher\" content=\"https:\/\/www.facebook.com\/monlienvisio\" \/>\n<meta property=\"article:published_time\" content=\"2023-07-02T10:40:18+00:00\" \/>\n<meta property=\"article:modified_time\" content=\"2025-05-06T07:39:23+00:00\" \/>\n<meta property=\"og:image\" content=\"https:\/\/monlienvisio.fr\/wp-content\/uploads\/2024\/06\/Capture-decran-2024-06-24-a-08.54.07.webp\" \/>\n\t<meta property=\"og:image:width\" content=\"1434\" \/>\n\t<meta property=\"og:image:height\" content=\"754\" \/>\n\t<meta property=\"og:image:type\" content=\"image\/webp\" \/>\n<meta name=\"author\" content=\"admin9923\" \/>\n<meta name=\"twitter:card\" content=\"summary_large_image\" \/>\n<meta name=\"twitter:creator\" content=\"@monlienvisio\" \/>\n<meta name=\"twitter:site\" content=\"@monlienvisio\" \/>\n<meta name=\"twitter:label1\" content=\"Escrito por\" \/>\n\t<meta name=\"twitter:data1\" content=\"admin9923\" \/>\n\t<meta name=\"twitter:label2\" content=\"Tiempo de lectura\" \/>\n\t<meta name=\"twitter:data2\" content=\"3 minutos\" \/>\n<script type=\"application\/ld+json\" class=\"yoast-schema-graph\">{\"@context\":\"https:\\\/\\\/schema.org\",\"@graph\":[{\"@type\":\"Article\",\"@id\":\"https:\\\/\\\/monlienvisio.fr\\\/la-fracture-numerique-quand-les-aines-se-heurtent-aux-outils-digitaux\\\/#article\",\"isPartOf\":{\"@id\":\"https:\\\/\\\/monlienvisio.fr\\\/la-fracture-numerique-quand-les-aines-se-heurtent-aux-outils-digitaux\\\/\"},\"author\":{\"name\":\"admin9923\",\"@id\":\"https:\\\/\\\/monlienvisio.fr\\\/#\\\/schema\\\/person\\\/c23c5aff4a9836f9f27cd99f4c22be85\"},\"headline\":\"LA BRECHA DIGITAL: CUANDO LAS PERSONAS MAYORES SE ENFRENTAN A LAS HERRAMIENTAS DIGITALES\",\"datePublished\":\"2023-07-02T10:40:18+00:00\",\"dateModified\":\"2025-05-06T07:39:23+00:00\",\"mainEntityOfPage\":{\"@id\":\"https:\\\/\\\/monlienvisio.fr\\\/la-fracture-numerique-quand-les-aines-se-heurtent-aux-outils-digitaux\\\/\"},\"wordCount\":651,\"commentCount\":0,\"publisher\":{\"@id\":\"https:\\\/\\\/monlienvisio.fr\\\/#organization\"},\"image\":{\"@id\":\"https:\\\/\\\/monlienvisio.fr\\\/la-fracture-numerique-quand-les-aines-se-heurtent-aux-outils-digitaux\\\/#primaryimage\"},\"thumbnailUrl\":\"https:\\\/\\\/monlienvisio.fr\\\/wp-content\\\/uploads\\\/2024\\\/06\\\/Capture-decran-2024-06-24-a-08.54.07.webp\",\"articleSection\":[\"Art\u00edculo - Accesibilidad\"],\"inLanguage\":\"es\",\"potentialAction\":[{\"@type\":\"CommentAction\",\"name\":\"Comment\",\"target\":[\"https:\\\/\\\/monlienvisio.fr\\\/la-fracture-numerique-quand-les-aines-se-heurtent-aux-outils-digitaux\\\/#respond\"]}]},{\"@type\":\"WebPage\",\"@id\":\"https:\\\/\\\/monlienvisio.fr\\\/la-fracture-numerique-quand-les-aines-se-heurtent-aux-outils-digitaux\\\/\",\"url\":\"https:\\\/\\\/monlienvisio.fr\\\/la-fracture-numerique-quand-les-aines-se-heurtent-aux-outils-digitaux\\\/\",\"name\":\"LA BRECHA DIGITAL: CUANDO LAS PERSONAS MAYORES SE ENFRENTAN A LAS HERRAMIENTAS DIGITALES | Mon Lien Visio\",\"isPartOf\":{\"@id\":\"https:\\\/\\\/monlienvisio.fr\\\/#website\"},\"primaryImageOfPage\":{\"@id\":\"https:\\\/\\\/monlienvisio.fr\\\/la-fracture-numerique-quand-les-aines-se-heurtent-aux-outils-digitaux\\\/#primaryimage\"},\"image\":{\"@id\":\"https:\\\/\\\/monlienvisio.fr\\\/la-fracture-numerique-quand-les-aines-se-heurtent-aux-outils-digitaux\\\/#primaryimage\"},\"thumbnailUrl\":\"https:\\\/\\\/monlienvisio.fr\\\/wp-content\\\/uploads\\\/2024\\\/06\\\/Capture-decran-2024-06-24-a-08.54.07.webp\",\"datePublished\":\"2023-07-02T10:40:18+00:00\",\"dateModified\":\"2025-05-06T07:39:23+00:00\",\"breadcrumb\":{\"@id\":\"https:\\\/\\\/monlienvisio.fr\\\/la-fracture-numerique-quand-les-aines-se-heurtent-aux-outils-digitaux\\\/#breadcrumb\"},\"inLanguage\":\"es\",\"potentialAction\":[{\"@type\":\"ReadAction\",\"target\":[\"https:\\\/\\\/monlienvisio.fr\\\/la-fracture-numerique-quand-les-aines-se-heurtent-aux-outils-digitaux\\\/\"]}]},{\"@type\":\"ImageObject\",\"inLanguage\":\"es\",\"@id\":\"https:\\\/\\\/monlienvisio.fr\\\/la-fracture-numerique-quand-les-aines-se-heurtent-aux-outils-digitaux\\\/#primaryimage\",\"url\":\"https:\\\/\\\/monlienvisio.fr\\\/wp-content\\\/uploads\\\/2024\\\/06\\\/Capture-decran-2024-06-24-a-08.54.07.webp\",\"contentUrl\":\"https:\\\/\\\/monlienvisio.fr\\\/wp-content\\\/uploads\\\/2024\\\/06\\\/Capture-decran-2024-06-24-a-08.54.07.webp\",\"width\":1434,\"height\":754},{\"@type\":\"BreadcrumbList\",\"@id\":\"https:\\\/\\\/monlienvisio.fr\\\/la-fracture-numerique-quand-les-aines-se-heurtent-aux-outils-digitaux\\\/#breadcrumb\",\"itemListElement\":[{\"@type\":\"ListItem\",\"position\":1,\"name\":\"Accueil\",\"item\":\"https:\\\/\\\/monlienvisio.fr\\\/es\\\/\"},{\"@type\":\"ListItem\",\"position\":2,\"name\":\"LA BRECHA DIGITAL: CUANDO LAS PERSONAS MAYORES SE ENFRENTAN A LAS HERRAMIENTAS DIGITALES\"}]},{\"@type\":\"WebSite\",\"@id\":\"https:\\\/\\\/monlienvisio.fr\\\/#website\",\"url\":\"https:\\\/\\\/monlienvisio.fr\\\/\",\"name\":\"Mon Lien Visio\",\"description\":\"Renforcer vos liens avec ceux qui comptent\",\"publisher\":{\"@id\":\"https:\\\/\\\/monlienvisio.fr\\\/#organization\"},\"alternateName\":\"MLV\",\"potentialAction\":[{\"@type\":\"SearchAction\",\"target\":{\"@type\":\"EntryPoint\",\"urlTemplate\":\"https:\\\/\\\/monlienvisio.fr\\\/?s={search_term_string}\"},\"query-input\":{\"@type\":\"PropertyValueSpecification\",\"valueRequired\":true,\"valueName\":\"search_term_string\"}}],\"inLanguage\":\"es\"},{\"@type\":\"Organization\",\"@id\":\"https:\\\/\\\/monlienvisio.fr\\\/#organization\",\"name\":\"Mon Lien Visio\",\"alternateName\":\"MLV\",\"url\":\"https:\\\/\\\/monlienvisio.fr\\\/\",\"logo\":{\"@type\":\"ImageObject\",\"inLanguage\":\"es\",\"@id\":\"https:\\\/\\\/monlienvisio.fr\\\/#\\\/schema\\\/logo\\\/image\\\/\",\"url\":\"https:\\\/\\\/monlienvisio.fr\\\/wp-content\\\/uploads\\\/2025\\\/03\\\/logo-MLV-Homelinks-512-x-512.png\",\"contentUrl\":\"https:\\\/\\\/monlienvisio.fr\\\/wp-content\\\/uploads\\\/2025\\\/03\\\/logo-MLV-Homelinks-512-x-512.png\",\"width\":512,\"height\":512,\"caption\":\"Mon Lien Visio\"},\"image\":{\"@id\":\"https:\\\/\\\/monlienvisio.fr\\\/#\\\/schema\\\/logo\\\/image\\\/\"},\"sameAs\":[\"https:\\\/\\\/www.facebook.com\\\/monlienvisio\",\"https:\\\/\\\/x.com\\\/monlienvisio\",\"https:\\\/\\\/www.instagram.com\\\/monlienvisio\\\/\",\"https:\\\/\\\/www.youtube.com\\\/channel\\\/UCSqRapa3VR6QOtwWgtiR-CQ\",\"https:\\\/\\\/www.linkedin.com\\\/company\\\/monlienvisio\\\/\"]},{\"@type\":\"Person\",\"@id\":\"https:\\\/\\\/monlienvisio.fr\\\/#\\\/schema\\\/person\\\/c23c5aff4a9836f9f27cd99f4c22be85\",\"name\":\"admin9923\",\"image\":{\"@type\":\"ImageObject\",\"inLanguage\":\"es\",\"@id\":\"https:\\\/\\\/secure.gravatar.com\\\/avatar\\\/68178fff884ab7e86a76129926eb0fd6343c3d415cdfd290f5407562ff78edfa?s=96&d=mm&r=g\",\"url\":\"https:\\\/\\\/secure.gravatar.com\\\/avatar\\\/68178fff884ab7e86a76129926eb0fd6343c3d415cdfd290f5407562ff78edfa?s=96&d=mm&r=g\",\"contentUrl\":\"https:\\\/\\\/secure.gravatar.com\\\/avatar\\\/68178fff884ab7e86a76129926eb0fd6343c3d415cdfd290f5407562ff78edfa?s=96&d=mm&r=g\",\"caption\":\"admin9923\"},\"url\":\"https:\\\/\\\/monlienvisio.fr\\\/es\\\/author\\\/admin9923\\\/\"}]}<\/script>\n<!-- \/ Yoast SEO plugin. -->","yoast_head_json":{"title":"LA BRECHA DIGITAL: CUANDO LAS PERSONAS MAYORES SE ENFRENTAN A LAS HERRAMIENTAS DIGITALES | Mon Lien Visio","robots":{"index":"index","follow":"follow","max-snippet":"max-snippet:-1","max-image-preview":"max-image-preview:large","max-video-preview":"max-video-preview:-1"},"canonical":"https:\/\/monlienvisio.fr\/la-fracture-numerique-quand-les-aines-se-heurtent-aux-outils-digitaux\/","og_locale":"es_ES","og_type":"article","og_title":"LA BRECHA DIGITAL: CUANDO LAS PERSONAS MAYORES SE ENFRENTAN A LAS HERRAMIENTAS DIGITALES | Mon Lien Visio","og_description":"La era digital promete avances tecnol\u00f3gicos espectaculares, pero tambi\u00e9n presenta retos importantes, sobre todo para las personas mayores. Cada vez m\u00e1s personas mayores se encuentran perdidas a la hora de utilizar las herramientas digitales, un fen\u00f3meno que acent\u00faa la brecha digital y el aislamiento social. Los retos digitales a los que se enfrentan los mayores [&hellip;]","og_url":"https:\/\/monlienvisio.fr\/la-fracture-numerique-quand-les-aines-se-heurtent-aux-outils-digitaux\/","og_site_name":"Mon Lien Visio","article_publisher":"https:\/\/www.facebook.com\/monlienvisio","article_published_time":"2023-07-02T10:40:18+00:00","article_modified_time":"2025-05-06T07:39:23+00:00","og_image":[{"width":1434,"height":754,"url":"https:\/\/monlienvisio.fr\/wp-content\/uploads\/2024\/06\/Capture-decran-2024-06-24-a-08.54.07.webp","type":"image\/webp"}],"author":"admin9923","twitter_card":"summary_large_image","twitter_creator":"@monlienvisio","twitter_site":"@monlienvisio","twitter_misc":{"Escrito por":"admin9923","Tiempo de lectura":"3 minutos"},"schema":{"@context":"https:\/\/schema.org","@graph":[{"@type":"Article","@id":"https:\/\/monlienvisio.fr\/la-fracture-numerique-quand-les-aines-se-heurtent-aux-outils-digitaux\/#article","isPartOf":{"@id":"https:\/\/monlienvisio.fr\/la-fracture-numerique-quand-les-aines-se-heurtent-aux-outils-digitaux\/"},"author":{"name":"admin9923","@id":"https:\/\/monlienvisio.fr\/#\/schema\/person\/c23c5aff4a9836f9f27cd99f4c22be85"},"headline":"LA BRECHA DIGITAL: CUANDO LAS PERSONAS MAYORES SE ENFRENTAN A LAS HERRAMIENTAS DIGITALES","datePublished":"2023-07-02T10:40:18+00:00","dateModified":"2025-05-06T07:39:23+00:00","mainEntityOfPage":{"@id":"https:\/\/monlienvisio.fr\/la-fracture-numerique-quand-les-aines-se-heurtent-aux-outils-digitaux\/"},"wordCount":651,"commentCount":0,"publisher":{"@id":"https:\/\/monlienvisio.fr\/#organization"},"image":{"@id":"https:\/\/monlienvisio.fr\/la-fracture-numerique-quand-les-aines-se-heurtent-aux-outils-digitaux\/#primaryimage"},"thumbnailUrl":"https:\/\/monlienvisio.fr\/wp-content\/uploads\/2024\/06\/Capture-decran-2024-06-24-a-08.54.07.webp","articleSection":["Art\u00edculo - Accesibilidad"],"inLanguage":"es","potentialAction":[{"@type":"CommentAction","name":"Comment","target":["https:\/\/monlienvisio.fr\/la-fracture-numerique-quand-les-aines-se-heurtent-aux-outils-digitaux\/#respond"]}]},{"@type":"WebPage","@id":"https:\/\/monlienvisio.fr\/la-fracture-numerique-quand-les-aines-se-heurtent-aux-outils-digitaux\/","url":"https:\/\/monlienvisio.fr\/la-fracture-numerique-quand-les-aines-se-heurtent-aux-outils-digitaux\/","name":"LA BRECHA DIGITAL: CUANDO LAS PERSONAS MAYORES SE ENFRENTAN A LAS HERRAMIENTAS DIGITALES | Mon Lien Visio","isPartOf":{"@id":"https:\/\/monlienvisio.fr\/#website"},"primaryImageOfPage":{"@id":"https:\/\/monlienvisio.fr\/la-fracture-numerique-quand-les-aines-se-heurtent-aux-outils-digitaux\/#primaryimage"},"image":{"@id":"https:\/\/monlienvisio.fr\/la-fracture-numerique-quand-les-aines-se-heurtent-aux-outils-digitaux\/#primaryimage"},"thumbnailUrl":"https:\/\/monlienvisio.fr\/wp-content\/uploads\/2024\/06\/Capture-decran-2024-06-24-a-08.54.07.webp","datePublished":"2023-07-02T10:40:18+00:00","dateModified":"2025-05-06T07:39:23+00:00","breadcrumb":{"@id":"https:\/\/monlienvisio.fr\/la-fracture-numerique-quand-les-aines-se-heurtent-aux-outils-digitaux\/#breadcrumb"},"inLanguage":"es","potentialAction":[{"@type":"ReadAction","target":["https:\/\/monlienvisio.fr\/la-fracture-numerique-quand-les-aines-se-heurtent-aux-outils-digitaux\/"]}]},{"@type":"ImageObject","inLanguage":"es","@id":"https:\/\/monlienvisio.fr\/la-fracture-numerique-quand-les-aines-se-heurtent-aux-outils-digitaux\/#primaryimage","url":"https:\/\/monlienvisio.fr\/wp-content\/uploads\/2024\/06\/Capture-decran-2024-06-24-a-08.54.07.webp","contentUrl":"https:\/\/monlienvisio.fr\/wp-content\/uploads\/2024\/06\/Capture-decran-2024-06-24-a-08.54.07.webp","width":1434,"height":754},{"@type":"BreadcrumbList","@id":"https:\/\/monlienvisio.fr\/la-fracture-numerique-quand-les-aines-se-heurtent-aux-outils-digitaux\/#breadcrumb","itemListElement":[{"@type":"ListItem","position":1,"name":"Accueil","item":"https:\/\/monlienvisio.fr\/es\/"},{"@type":"ListItem","position":2,"name":"LA BRECHA DIGITAL: CUANDO LAS PERSONAS MAYORES SE ENFRENTAN A LAS HERRAMIENTAS DIGITALES"}]},{"@type":"WebSite","@id":"https:\/\/monlienvisio.fr\/#website","url":"https:\/\/monlienvisio.fr\/","name":"Mon Lien Visio","description":"Renforcer vos liens avec ceux qui comptent","publisher":{"@id":"https:\/\/monlienvisio.fr\/#organization"},"alternateName":"MLV","potentialAction":[{"@type":"SearchAction","target":{"@type":"EntryPoint","urlTemplate":"https:\/\/monlienvisio.fr\/?s={search_term_string}"},"query-input":{"@type":"PropertyValueSpecification","valueRequired":true,"valueName":"search_term_string"}}],"inLanguage":"es"},{"@type":"Organization","@id":"https:\/\/monlienvisio.fr\/#organization","name":"Mon Lien Visio","alternateName":"MLV","url":"https:\/\/monlienvisio.fr\/","logo":{"@type":"ImageObject","inLanguage":"es","@id":"https:\/\/monlienvisio.fr\/#\/schema\/logo\/image\/","url":"https:\/\/monlienvisio.fr\/wp-content\/uploads\/2025\/03\/logo-MLV-Homelinks-512-x-512.png","contentUrl":"https:\/\/monlienvisio.fr\/wp-content\/uploads\/2025\/03\/logo-MLV-Homelinks-512-x-512.png","width":512,"height":512,"caption":"Mon Lien Visio"},"image":{"@id":"https:\/\/monlienvisio.fr\/#\/schema\/logo\/image\/"},"sameAs":["https:\/\/www.facebook.com\/monlienvisio","https:\/\/x.com\/monlienvisio","https:\/\/www.instagram.com\/monlienvisio\/","https:\/\/www.youtube.com\/channel\/UCSqRapa3VR6QOtwWgtiR-CQ","https:\/\/www.linkedin.com\/company\/monlienvisio\/"]},{"@type":"Person","@id":"https:\/\/monlienvisio.fr\/#\/schema\/person\/c23c5aff4a9836f9f27cd99f4c22be85","name":"admin9923","image":{"@type":"ImageObject","inLanguage":"es","@id":"https:\/\/secure.gravatar.com\/avatar\/68178fff884ab7e86a76129926eb0fd6343c3d415cdfd290f5407562ff78edfa?s=96&d=mm&r=g","url":"https:\/\/secure.gravatar.com\/avatar\/68178fff884ab7e86a76129926eb0fd6343c3d415cdfd290f5407562ff78edfa?s=96&d=mm&r=g","contentUrl":"https:\/\/secure.gravatar.com\/avatar\/68178fff884ab7e86a76129926eb0fd6343c3d415cdfd290f5407562ff78edfa?s=96&d=mm&r=g","caption":"admin9923"},"url":"https:\/\/monlienvisio.fr\/es\/author\/admin9923\/"}]}},"_links":{"self":[{"href":"https:\/\/monlienvisio.fr\/es\/wp-json\/wp\/v2\/posts\/16816","targetHints":{"allow":["GET"]}}],"collection":[{"href":"https:\/\/monlienvisio.fr\/es\/wp-json\/wp\/v2\/posts"}],"about":[{"href":"https:\/\/monlienvisio.fr\/es\/wp-json\/wp\/v2\/types\/post"}],"author":[{"embeddable":true,"href":"https:\/\/monlienvisio.fr\/es\/wp-json\/wp\/v2\/users\/2"}],"replies":[{"embeddable":true,"href":"https:\/\/monlienvisio.fr\/es\/wp-json\/wp\/v2\/comments?post=16816"}],"version-history":[{"count":2,"href":"https:\/\/monlienvisio.fr\/es\/wp-json\/wp\/v2\/posts\/16816\/revisions"}],"predecessor-version":[{"id":16822,"href":"https:\/\/monlienvisio.fr\/es\/wp-json\/wp\/v2\/posts\/16816\/revisions\/16822"}],"wp:featuredmedia":[{"embeddable":true,"href":"https:\/\/monlienvisio.fr\/es\/wp-json\/wp\/v2\/media\/15309"}],"wp:attachment":[{"href":"https:\/\/monlienvisio.fr\/es\/wp-json\/wp\/v2\/media?parent=16816"}],"wp:term":[{"taxonomy":"category","embeddable":true,"href":"https:\/\/monlienvisio.fr\/es\/wp-json\/wp\/v2\/categories?post=16816"},{"taxonomy":"post_tag","embeddable":true,"href":"https:\/\/monlienvisio.fr\/es\/wp-json\/wp\/v2\/tags?post=16816"}],"curies":[{"name":"wp","href":"https:\/\/api.w.org\/{rel}","templated":true}]}}