{"id":16823,"date":"2023-05-02T12:41:10","date_gmt":"2023-05-02T10:41:10","guid":{"rendered":"https:\/\/monlienvisio.fr\/las-ventajas-del-diseno-universal-el-impacto-de-visio-en-la-accesibilidad-y-la-inclusion\/"},"modified":"2025-05-06T09:39:24","modified_gmt":"2025-05-06T07:39:24","slug":"las-ventajas-del-diseno-universal-el-impacto-de-visio-en-la-accesibilidad-y-la-inclusion","status":"publish","type":"post","link":"https:\/\/monlienvisio.fr\/es\/las-ventajas-del-diseno-universal-el-impacto-de-visio-en-la-accesibilidad-y-la-inclusion\/","title":{"rendered":"LAS VENTAJAS DEL DISE\u00d1O UNIVERSAL: EL IMPACTO DE VISIO EN LA ACCESIBILIDAD Y LA INCLUSI\u00d3N"},"content":{"rendered":"\n<h3 class=\"wp-block-heading\">Introducci\u00f3n<\/h3>\n\n<p>El dise\u00f1o universal pretende crear productos, entornos y servicios accesibles para todos, independientemente de su edad, capacidad o estatus socioecon\u00f3mico. En este contexto, la tecnolog\u00eda de videoconferencia (o visio) ha demostrado ser una poderosa herramienta para promover la accesibilidad y la inclusi\u00f3n. La videoconferencia ilustra perfectamente los principios del dise\u00f1o universal al facilitar la comunicaci\u00f3n y la colaboraci\u00f3n a distancia, al tiempo que satisface las diversas necesidades de los usuarios.  <\/p>\n\n<h3 class=\"wp-block-heading\">Accesibilidad e inclusi\u00f3n<\/h3>\n\n<p>Visio es un excelente ejemplo de tecnolog\u00eda que encarna los principios del dise\u00f1o universal al mejorar la accesibilidad y la inclusi\u00f3n. Para las personas con discapacidad, Visio ofrece muchas soluciones: <\/p>\n\n<ul class=\"wp-block-list\">\n<li><strong>Personas con movilidad reducida<\/strong>: la videoconferencia les permite participar en reuniones, cursos o actos sin tener que desplazarse, eliminando las barreras f\u00edsicas.<\/li>\n\n\n\n<li><strong>Personas con discapacidad auditiva<\/strong>: Las plataformas de v\u00eddeo suelen incluir funciones como subt\u00edtulos en tiempo real y compatibilidad con aud\u00edfonos.<\/li>\n\n\n\n<li><strong>Personas con deficiencias del habla<\/strong>: las funciones de chat integradas permiten la comunicaci\u00f3n escrita, mientras que las herramientas de texto a voz pueden facilitar la participaci\u00f3n.<\/li>\n<\/ul>\n\n<h3 class=\"wp-block-heading\">Beneficios econ\u00f3micos<\/h3>\n\n<p>La videoconferencia tambi\u00e9n ofrece importantes ventajas econ\u00f3micas. Reduce los gastos de viaje y alojamiento de empresas y particulares. Adem\u00e1s, las empresas pueden ampliar su mercado llegando a un p\u00fablico m\u00e1s amplio, incluidas las personas alejadas geogr\u00e1ficamente o con limitaciones de movilidad. Reducir la necesidad de infraestructura f\u00edsica para reuniones y eventos tambi\u00e9n supone un ahorro sustancial.   <\/p>\n\n<h3 class=\"wp-block-heading\">Innovaci\u00f3n y creatividad<\/h3>\n\n<p>El dise\u00f1o universal, al integrar herramientas como visio, estimula la innovaci\u00f3n y la creatividad. Se anima continuamente a los desarrolladores de tecnolog\u00edas visio a mejorar la accesibilidad y la experiencia del usuario, a\u00f1adiendo funciones como la traducci\u00f3n en tiempo real, fondos virtuales personalizables y opciones de participaci\u00f3n as\u00edncrona. Estas innovaciones benefician a todos los usuarios, haciendo que las interacciones sean m\u00e1s fluidas y eficaces.  <\/p>\n\n<h3 class=\"wp-block-heading\">Beneficios sociales y culturales<\/h3>\n\n<p>El uso del v\u00eddeo como parte de un enfoque de dise\u00f1o universal refuerza los v\u00ednculos sociales y culturales. Permite a las personas permanecer conectadas a pesar de la distancia o las limitaciones f\u00edsicas, fomentando una mayor cohesi\u00f3n social. Los eventos virtuales, como conferencias, talleres y actos culturales, se hacen accesibles a un p\u00fablico m\u00e1s diverso, enriqueciendo los intercambios interculturales y la interacci\u00f3n social.  <\/p>\n\n<h3 class=\"wp-block-heading\">Educaci\u00f3n y sensibilizaci\u00f3n<\/h3>\n\n<p>El v\u00eddeo tambi\u00e9n desempe\u00f1a un papel crucial en la educaci\u00f3n y la sensibilizaci\u00f3n. Integrando herramientas de v\u00eddeo en los programas educativos, las escuelas y universidades pueden ofrecer cursos accesibles para todos, incluidos los alumnos con necesidades especiales. Las sesiones de formaci\u00f3n y los seminarios en l\u00ednea pueden grabarse y consultarse posteriormente, lo que ofrece flexibilidad para satisfacer las diversas necesidades de los alumnos.  <\/p>\n\n<h3 class=\"wp-block-heading\">Testimonios y casos pr\u00e1cticos<\/h3>\n\n<p>Hay muchos ejemplos de c\u00f3mo el v\u00eddeo ha transformado la vida de personas y comunidades:<\/p>\n\n<ul class=\"wp-block-list\">\n<li><strong>Teletrabajo<\/strong>: La pandemia de COVID-19 demostr\u00f3 la importancia de las videoconferencias para mantener la productividad y la continuidad empresarial. Empresas de todos los tama\u00f1os adoptaron el teletrabajo, haciendo accesible el trabajo a quienes no pod\u00edan desplazarse a la oficina. <\/li>\n\n\n\n<li><strong>Educaci\u00f3n en l\u00ednea<\/strong>: las plataformas de v\u00eddeo han permitido a los estudiantes continuar su educaci\u00f3n a distancia, ofreciendo soluciones de aprendizaje flexibles e inclusivas.<\/li>\n\n\n\n<li><strong>Asistencia sanitaria a distancia<\/strong>: La telemedicina, facilitada por el v\u00eddeo, ha permitido a los pacientes consultar a profesionales sanitarios sin tener que desplazarse, mejorando el acceso a la asistencia de las poblaciones rurales y las personas con movilidad reducida.<\/li>\n<\/ul>\n\n<h3 class=\"wp-block-heading\">Conclusi\u00f3n<\/h3>\n\n<p>El dise\u00f1o universal, apoyado por tecnolog\u00edas como visio, est\u00e1 transformando nuestra forma de pensar sobre la accesibilidad y la inclusi\u00f3n. Al hacer que los productos y servicios sean accesibles para todos, estamos construyendo una sociedad m\u00e1s equitativa e integradora. Los beneficios de visio, desde la mejora de la comunicaci\u00f3n y la colaboraci\u00f3n hasta el aumento de las oportunidades econ\u00f3micas y sociales, demuestran la importancia de este enfoque. Adoptar el dise\u00f1o universal es esencial para un futuro en el que todos puedan participar plenamente y prosperar.   <\/p>\n","protected":false},"excerpt":{"rendered":"<p>Introducci\u00f3n El dise\u00f1o universal pretende crear productos, entornos y servicios accesibles para todos, independientemente de su edad, capacidad o estatus socioecon\u00f3mico. En este contexto, la tecnolog\u00eda de videoconferencia (o visio) ha demostrado ser una poderosa herramienta para promover la accesibilidad y la inclusi\u00f3n. La videoconferencia ilustra perfectamente los principios del dise\u00f1o universal al facilitar la [&hellip;]<\/p>\n","protected":false},"author":2,"featured_media":15225,"comment_status":"open","ping_status":"open","sticky":false,"template":"","format":"standard","meta":{"_acf_changed":false,"_eb_attr":"","footnotes":""},"categories":[257],"tags":[],"class_list":["post-16823","post","type-post","status-publish","format-standard","has-post-thumbnail","hentry","category-articulo-accesibilidad"],"acf":[],"yoast_head":"<!-- This site is optimized with the Yoast SEO plugin v27.5 - https:\/\/yoast.com\/product\/yoast-seo-wordpress\/ -->\n<title>LAS VENTAJAS DEL DISE\u00d1O UNIVERSAL: EL IMPACTO DE VISIO EN LA ACCESIBILIDAD Y LA INCLUSI\u00d3N | Mon Lien Visio<\/title>\n<meta name=\"robots\" content=\"index, follow, max-snippet:-1, max-image-preview:large, max-video-preview:-1\" \/>\n<link rel=\"canonical\" href=\"https:\/\/monlienvisio.fr\/les-bienfaits-de-la-conception-universelle-limpact-de-la-visio-sur-laccessibilite-et-linclusion\/\" \/>\n<meta property=\"og:locale\" content=\"es_ES\" \/>\n<meta property=\"og:type\" content=\"article\" \/>\n<meta property=\"og:title\" content=\"LAS VENTAJAS DEL DISE\u00d1O UNIVERSAL: EL IMPACTO DE VISIO EN LA ACCESIBILIDAD Y LA INCLUSI\u00d3N | Mon Lien Visio\" \/>\n<meta property=\"og:description\" content=\"Introducci\u00f3n El dise\u00f1o universal pretende crear productos, entornos y servicios accesibles para todos, independientemente de su edad, capacidad o estatus socioecon\u00f3mico. En este contexto, la tecnolog\u00eda de videoconferencia (o visio) ha demostrado ser una poderosa herramienta para promover la accesibilidad y la inclusi\u00f3n. La videoconferencia ilustra perfectamente los principios del dise\u00f1o universal al facilitar la [&hellip;]\" \/>\n<meta property=\"og:url\" content=\"https:\/\/monlienvisio.fr\/les-bienfaits-de-la-conception-universelle-limpact-de-la-visio-sur-laccessibilite-et-linclusion\/\" \/>\n<meta property=\"og:site_name\" content=\"Mon Lien Visio\" \/>\n<meta property=\"article:publisher\" content=\"https:\/\/www.facebook.com\/monlienvisio\" \/>\n<meta property=\"article:published_time\" content=\"2023-05-02T10:41:10+00:00\" \/>\n<meta property=\"article:modified_time\" content=\"2025-05-06T07:39:24+00:00\" \/>\n<meta property=\"og:image\" content=\"https:\/\/monlienvisio.fr\/wp-content\/uploads\/2024\/06\/universal-design.webp\" \/>\n\t<meta property=\"og:image:width\" content=\"892\" \/>\n\t<meta property=\"og:image:height\" content=\"518\" \/>\n\t<meta property=\"og:image:type\" content=\"image\/webp\" \/>\n<meta name=\"author\" content=\"admin9923\" \/>\n<meta name=\"twitter:card\" content=\"summary_large_image\" \/>\n<meta name=\"twitter:creator\" content=\"@monlienvisio\" \/>\n<meta name=\"twitter:site\" content=\"@monlienvisio\" \/>\n<meta name=\"twitter:label1\" content=\"Escrito por\" \/>\n\t<meta name=\"twitter:data1\" content=\"admin9923\" \/>\n\t<meta name=\"twitter:label2\" content=\"Tiempo de lectura\" \/>\n\t<meta name=\"twitter:data2\" content=\"4 minutos\" \/>\n<script type=\"application\/ld+json\" class=\"yoast-schema-graph\">{\"@context\":\"https:\\\/\\\/schema.org\",\"@graph\":[{\"@type\":\"Article\",\"@id\":\"https:\\\/\\\/monlienvisio.fr\\\/les-bienfaits-de-la-conception-universelle-limpact-de-la-visio-sur-laccessibilite-et-linclusion\\\/#article\",\"isPartOf\":{\"@id\":\"https:\\\/\\\/monlienvisio.fr\\\/les-bienfaits-de-la-conception-universelle-limpact-de-la-visio-sur-laccessibilite-et-linclusion\\\/\"},\"author\":{\"name\":\"admin9923\",\"@id\":\"https:\\\/\\\/monlienvisio.fr\\\/#\\\/schema\\\/person\\\/c23c5aff4a9836f9f27cd99f4c22be85\"},\"headline\":\"LAS VENTAJAS DEL DISE\u00d1O UNIVERSAL: EL IMPACTO DE VISIO EN LA ACCESIBILIDAD Y LA INCLUSI\u00d3N\",\"datePublished\":\"2023-05-02T10:41:10+00:00\",\"dateModified\":\"2025-05-06T07:39:24+00:00\",\"mainEntityOfPage\":{\"@id\":\"https:\\\/\\\/monlienvisio.fr\\\/les-bienfaits-de-la-conception-universelle-limpact-de-la-visio-sur-laccessibilite-et-linclusion\\\/\"},\"wordCount\":727,\"commentCount\":0,\"publisher\":{\"@id\":\"https:\\\/\\\/monlienvisio.fr\\\/#organization\"},\"image\":{\"@id\":\"https:\\\/\\\/monlienvisio.fr\\\/les-bienfaits-de-la-conception-universelle-limpact-de-la-visio-sur-laccessibilite-et-linclusion\\\/#primaryimage\"},\"thumbnailUrl\":\"https:\\\/\\\/monlienvisio.fr\\\/wp-content\\\/uploads\\\/2024\\\/06\\\/universal-design.webp\",\"articleSection\":[\"Art\u00edculo - Accesibilidad\"],\"inLanguage\":\"es\",\"potentialAction\":[{\"@type\":\"CommentAction\",\"name\":\"Comment\",\"target\":[\"https:\\\/\\\/monlienvisio.fr\\\/les-bienfaits-de-la-conception-universelle-limpact-de-la-visio-sur-laccessibilite-et-linclusion\\\/#respond\"]}]},{\"@type\":\"WebPage\",\"@id\":\"https:\\\/\\\/monlienvisio.fr\\\/les-bienfaits-de-la-conception-universelle-limpact-de-la-visio-sur-laccessibilite-et-linclusion\\\/\",\"url\":\"https:\\\/\\\/monlienvisio.fr\\\/les-bienfaits-de-la-conception-universelle-limpact-de-la-visio-sur-laccessibilite-et-linclusion\\\/\",\"name\":\"LAS VENTAJAS DEL DISE\u00d1O UNIVERSAL: EL IMPACTO DE VISIO EN LA ACCESIBILIDAD Y LA INCLUSI\u00d3N | Mon Lien Visio\",\"isPartOf\":{\"@id\":\"https:\\\/\\\/monlienvisio.fr\\\/#website\"},\"primaryImageOfPage\":{\"@id\":\"https:\\\/\\\/monlienvisio.fr\\\/les-bienfaits-de-la-conception-universelle-limpact-de-la-visio-sur-laccessibilite-et-linclusion\\\/#primaryimage\"},\"image\":{\"@id\":\"https:\\\/\\\/monlienvisio.fr\\\/les-bienfaits-de-la-conception-universelle-limpact-de-la-visio-sur-laccessibilite-et-linclusion\\\/#primaryimage\"},\"thumbnailUrl\":\"https:\\\/\\\/monlienvisio.fr\\\/wp-content\\\/uploads\\\/2024\\\/06\\\/universal-design.webp\",\"datePublished\":\"2023-05-02T10:41:10+00:00\",\"dateModified\":\"2025-05-06T07:39:24+00:00\",\"breadcrumb\":{\"@id\":\"https:\\\/\\\/monlienvisio.fr\\\/les-bienfaits-de-la-conception-universelle-limpact-de-la-visio-sur-laccessibilite-et-linclusion\\\/#breadcrumb\"},\"inLanguage\":\"es\",\"potentialAction\":[{\"@type\":\"ReadAction\",\"target\":[\"https:\\\/\\\/monlienvisio.fr\\\/les-bienfaits-de-la-conception-universelle-limpact-de-la-visio-sur-laccessibilite-et-linclusion\\\/\"]}]},{\"@type\":\"ImageObject\",\"inLanguage\":\"es\",\"@id\":\"https:\\\/\\\/monlienvisio.fr\\\/les-bienfaits-de-la-conception-universelle-limpact-de-la-visio-sur-laccessibilite-et-linclusion\\\/#primaryimage\",\"url\":\"https:\\\/\\\/monlienvisio.fr\\\/wp-content\\\/uploads\\\/2024\\\/06\\\/universal-design.webp\",\"contentUrl\":\"https:\\\/\\\/monlienvisio.fr\\\/wp-content\\\/uploads\\\/2024\\\/06\\\/universal-design.webp\",\"width\":892,\"height\":518},{\"@type\":\"BreadcrumbList\",\"@id\":\"https:\\\/\\\/monlienvisio.fr\\\/les-bienfaits-de-la-conception-universelle-limpact-de-la-visio-sur-laccessibilite-et-linclusion\\\/#breadcrumb\",\"itemListElement\":[{\"@type\":\"ListItem\",\"position\":1,\"name\":\"Accueil\",\"item\":\"https:\\\/\\\/monlienvisio.fr\\\/es\\\/\"},{\"@type\":\"ListItem\",\"position\":2,\"name\":\"LAS VENTAJAS DEL DISE\u00d1O UNIVERSAL: EL IMPACTO DE VISIO EN LA ACCESIBILIDAD Y LA INCLUSI\u00d3N\"}]},{\"@type\":\"WebSite\",\"@id\":\"https:\\\/\\\/monlienvisio.fr\\\/#website\",\"url\":\"https:\\\/\\\/monlienvisio.fr\\\/\",\"name\":\"Mon Lien Visio\",\"description\":\"Renforcer vos liens avec ceux qui comptent\",\"publisher\":{\"@id\":\"https:\\\/\\\/monlienvisio.fr\\\/#organization\"},\"alternateName\":\"MLV\",\"potentialAction\":[{\"@type\":\"SearchAction\",\"target\":{\"@type\":\"EntryPoint\",\"urlTemplate\":\"https:\\\/\\\/monlienvisio.fr\\\/?s={search_term_string}\"},\"query-input\":{\"@type\":\"PropertyValueSpecification\",\"valueRequired\":true,\"valueName\":\"search_term_string\"}}],\"inLanguage\":\"es\"},{\"@type\":\"Organization\",\"@id\":\"https:\\\/\\\/monlienvisio.fr\\\/#organization\",\"name\":\"Mon Lien Visio\",\"alternateName\":\"MLV\",\"url\":\"https:\\\/\\\/monlienvisio.fr\\\/\",\"logo\":{\"@type\":\"ImageObject\",\"inLanguage\":\"es\",\"@id\":\"https:\\\/\\\/monlienvisio.fr\\\/#\\\/schema\\\/logo\\\/image\\\/\",\"url\":\"https:\\\/\\\/monlienvisio.fr\\\/wp-content\\\/uploads\\\/2025\\\/03\\\/logo-MLV-Homelinks-512-x-512.png\",\"contentUrl\":\"https:\\\/\\\/monlienvisio.fr\\\/wp-content\\\/uploads\\\/2025\\\/03\\\/logo-MLV-Homelinks-512-x-512.png\",\"width\":512,\"height\":512,\"caption\":\"Mon Lien Visio\"},\"image\":{\"@id\":\"https:\\\/\\\/monlienvisio.fr\\\/#\\\/schema\\\/logo\\\/image\\\/\"},\"sameAs\":[\"https:\\\/\\\/www.facebook.com\\\/monlienvisio\",\"https:\\\/\\\/x.com\\\/monlienvisio\",\"https:\\\/\\\/www.instagram.com\\\/monlienvisio\\\/\",\"https:\\\/\\\/www.youtube.com\\\/channel\\\/UCSqRapa3VR6QOtwWgtiR-CQ\",\"https:\\\/\\\/www.linkedin.com\\\/company\\\/monlienvisio\\\/\"]},{\"@type\":\"Person\",\"@id\":\"https:\\\/\\\/monlienvisio.fr\\\/#\\\/schema\\\/person\\\/c23c5aff4a9836f9f27cd99f4c22be85\",\"name\":\"admin9923\",\"image\":{\"@type\":\"ImageObject\",\"inLanguage\":\"es\",\"@id\":\"https:\\\/\\\/secure.gravatar.com\\\/avatar\\\/68178fff884ab7e86a76129926eb0fd6343c3d415cdfd290f5407562ff78edfa?s=96&d=mm&r=g\",\"url\":\"https:\\\/\\\/secure.gravatar.com\\\/avatar\\\/68178fff884ab7e86a76129926eb0fd6343c3d415cdfd290f5407562ff78edfa?s=96&d=mm&r=g\",\"contentUrl\":\"https:\\\/\\\/secure.gravatar.com\\\/avatar\\\/68178fff884ab7e86a76129926eb0fd6343c3d415cdfd290f5407562ff78edfa?s=96&d=mm&r=g\",\"caption\":\"admin9923\"},\"url\":\"https:\\\/\\\/monlienvisio.fr\\\/es\\\/author\\\/admin9923\\\/\"}]}<\/script>\n<!-- \/ Yoast SEO plugin. -->","yoast_head_json":{"title":"LAS VENTAJAS DEL DISE\u00d1O UNIVERSAL: EL IMPACTO DE VISIO EN LA ACCESIBILIDAD Y LA INCLUSI\u00d3N | Mon Lien Visio","robots":{"index":"index","follow":"follow","max-snippet":"max-snippet:-1","max-image-preview":"max-image-preview:large","max-video-preview":"max-video-preview:-1"},"canonical":"https:\/\/monlienvisio.fr\/les-bienfaits-de-la-conception-universelle-limpact-de-la-visio-sur-laccessibilite-et-linclusion\/","og_locale":"es_ES","og_type":"article","og_title":"LAS VENTAJAS DEL DISE\u00d1O UNIVERSAL: EL IMPACTO DE VISIO EN LA ACCESIBILIDAD Y LA INCLUSI\u00d3N | Mon Lien Visio","og_description":"Introducci\u00f3n El dise\u00f1o universal pretende crear productos, entornos y servicios accesibles para todos, independientemente de su edad, capacidad o estatus socioecon\u00f3mico. En este contexto, la tecnolog\u00eda de videoconferencia (o visio) ha demostrado ser una poderosa herramienta para promover la accesibilidad y la inclusi\u00f3n. La videoconferencia ilustra perfectamente los principios del dise\u00f1o universal al facilitar la [&hellip;]","og_url":"https:\/\/monlienvisio.fr\/les-bienfaits-de-la-conception-universelle-limpact-de-la-visio-sur-laccessibilite-et-linclusion\/","og_site_name":"Mon Lien Visio","article_publisher":"https:\/\/www.facebook.com\/monlienvisio","article_published_time":"2023-05-02T10:41:10+00:00","article_modified_time":"2025-05-06T07:39:24+00:00","og_image":[{"width":892,"height":518,"url":"https:\/\/monlienvisio.fr\/wp-content\/uploads\/2024\/06\/universal-design.webp","type":"image\/webp"}],"author":"admin9923","twitter_card":"summary_large_image","twitter_creator":"@monlienvisio","twitter_site":"@monlienvisio","twitter_misc":{"Escrito por":"admin9923","Tiempo de lectura":"4 minutos"},"schema":{"@context":"https:\/\/schema.org","@graph":[{"@type":"Article","@id":"https:\/\/monlienvisio.fr\/les-bienfaits-de-la-conception-universelle-limpact-de-la-visio-sur-laccessibilite-et-linclusion\/#article","isPartOf":{"@id":"https:\/\/monlienvisio.fr\/les-bienfaits-de-la-conception-universelle-limpact-de-la-visio-sur-laccessibilite-et-linclusion\/"},"author":{"name":"admin9923","@id":"https:\/\/monlienvisio.fr\/#\/schema\/person\/c23c5aff4a9836f9f27cd99f4c22be85"},"headline":"LAS VENTAJAS DEL DISE\u00d1O UNIVERSAL: EL IMPACTO DE VISIO EN LA ACCESIBILIDAD Y LA INCLUSI\u00d3N","datePublished":"2023-05-02T10:41:10+00:00","dateModified":"2025-05-06T07:39:24+00:00","mainEntityOfPage":{"@id":"https:\/\/monlienvisio.fr\/les-bienfaits-de-la-conception-universelle-limpact-de-la-visio-sur-laccessibilite-et-linclusion\/"},"wordCount":727,"commentCount":0,"publisher":{"@id":"https:\/\/monlienvisio.fr\/#organization"},"image":{"@id":"https:\/\/monlienvisio.fr\/les-bienfaits-de-la-conception-universelle-limpact-de-la-visio-sur-laccessibilite-et-linclusion\/#primaryimage"},"thumbnailUrl":"https:\/\/monlienvisio.fr\/wp-content\/uploads\/2024\/06\/universal-design.webp","articleSection":["Art\u00edculo - Accesibilidad"],"inLanguage":"es","potentialAction":[{"@type":"CommentAction","name":"Comment","target":["https:\/\/monlienvisio.fr\/les-bienfaits-de-la-conception-universelle-limpact-de-la-visio-sur-laccessibilite-et-linclusion\/#respond"]}]},{"@type":"WebPage","@id":"https:\/\/monlienvisio.fr\/les-bienfaits-de-la-conception-universelle-limpact-de-la-visio-sur-laccessibilite-et-linclusion\/","url":"https:\/\/monlienvisio.fr\/les-bienfaits-de-la-conception-universelle-limpact-de-la-visio-sur-laccessibilite-et-linclusion\/","name":"LAS VENTAJAS DEL DISE\u00d1O UNIVERSAL: EL IMPACTO DE VISIO EN LA ACCESIBILIDAD Y LA INCLUSI\u00d3N | Mon Lien Visio","isPartOf":{"@id":"https:\/\/monlienvisio.fr\/#website"},"primaryImageOfPage":{"@id":"https:\/\/monlienvisio.fr\/les-bienfaits-de-la-conception-universelle-limpact-de-la-visio-sur-laccessibilite-et-linclusion\/#primaryimage"},"image":{"@id":"https:\/\/monlienvisio.fr\/les-bienfaits-de-la-conception-universelle-limpact-de-la-visio-sur-laccessibilite-et-linclusion\/#primaryimage"},"thumbnailUrl":"https:\/\/monlienvisio.fr\/wp-content\/uploads\/2024\/06\/universal-design.webp","datePublished":"2023-05-02T10:41:10+00:00","dateModified":"2025-05-06T07:39:24+00:00","breadcrumb":{"@id":"https:\/\/monlienvisio.fr\/les-bienfaits-de-la-conception-universelle-limpact-de-la-visio-sur-laccessibilite-et-linclusion\/#breadcrumb"},"inLanguage":"es","potentialAction":[{"@type":"ReadAction","target":["https:\/\/monlienvisio.fr\/les-bienfaits-de-la-conception-universelle-limpact-de-la-visio-sur-laccessibilite-et-linclusion\/"]}]},{"@type":"ImageObject","inLanguage":"es","@id":"https:\/\/monlienvisio.fr\/les-bienfaits-de-la-conception-universelle-limpact-de-la-visio-sur-laccessibilite-et-linclusion\/#primaryimage","url":"https:\/\/monlienvisio.fr\/wp-content\/uploads\/2024\/06\/universal-design.webp","contentUrl":"https:\/\/monlienvisio.fr\/wp-content\/uploads\/2024\/06\/universal-design.webp","width":892,"height":518},{"@type":"BreadcrumbList","@id":"https:\/\/monlienvisio.fr\/les-bienfaits-de-la-conception-universelle-limpact-de-la-visio-sur-laccessibilite-et-linclusion\/#breadcrumb","itemListElement":[{"@type":"ListItem","position":1,"name":"Accueil","item":"https:\/\/monlienvisio.fr\/es\/"},{"@type":"ListItem","position":2,"name":"LAS VENTAJAS DEL DISE\u00d1O UNIVERSAL: EL IMPACTO DE VISIO EN LA ACCESIBILIDAD Y LA INCLUSI\u00d3N"}]},{"@type":"WebSite","@id":"https:\/\/monlienvisio.fr\/#website","url":"https:\/\/monlienvisio.fr\/","name":"Mon Lien Visio","description":"Renforcer vos liens avec ceux qui comptent","publisher":{"@id":"https:\/\/monlienvisio.fr\/#organization"},"alternateName":"MLV","potentialAction":[{"@type":"SearchAction","target":{"@type":"EntryPoint","urlTemplate":"https:\/\/monlienvisio.fr\/?s={search_term_string}"},"query-input":{"@type":"PropertyValueSpecification","valueRequired":true,"valueName":"search_term_string"}}],"inLanguage":"es"},{"@type":"Organization","@id":"https:\/\/monlienvisio.fr\/#organization","name":"Mon Lien Visio","alternateName":"MLV","url":"https:\/\/monlienvisio.fr\/","logo":{"@type":"ImageObject","inLanguage":"es","@id":"https:\/\/monlienvisio.fr\/#\/schema\/logo\/image\/","url":"https:\/\/monlienvisio.fr\/wp-content\/uploads\/2025\/03\/logo-MLV-Homelinks-512-x-512.png","contentUrl":"https:\/\/monlienvisio.fr\/wp-content\/uploads\/2025\/03\/logo-MLV-Homelinks-512-x-512.png","width":512,"height":512,"caption":"Mon Lien Visio"},"image":{"@id":"https:\/\/monlienvisio.fr\/#\/schema\/logo\/image\/"},"sameAs":["https:\/\/www.facebook.com\/monlienvisio","https:\/\/x.com\/monlienvisio","https:\/\/www.instagram.com\/monlienvisio\/","https:\/\/www.youtube.com\/channel\/UCSqRapa3VR6QOtwWgtiR-CQ","https:\/\/www.linkedin.com\/company\/monlienvisio\/"]},{"@type":"Person","@id":"https:\/\/monlienvisio.fr\/#\/schema\/person\/c23c5aff4a9836f9f27cd99f4c22be85","name":"admin9923","image":{"@type":"ImageObject","inLanguage":"es","@id":"https:\/\/secure.gravatar.com\/avatar\/68178fff884ab7e86a76129926eb0fd6343c3d415cdfd290f5407562ff78edfa?s=96&d=mm&r=g","url":"https:\/\/secure.gravatar.com\/avatar\/68178fff884ab7e86a76129926eb0fd6343c3d415cdfd290f5407562ff78edfa?s=96&d=mm&r=g","contentUrl":"https:\/\/secure.gravatar.com\/avatar\/68178fff884ab7e86a76129926eb0fd6343c3d415cdfd290f5407562ff78edfa?s=96&d=mm&r=g","caption":"admin9923"},"url":"https:\/\/monlienvisio.fr\/es\/author\/admin9923\/"}]}},"_links":{"self":[{"href":"https:\/\/monlienvisio.fr\/es\/wp-json\/wp\/v2\/posts\/16823","targetHints":{"allow":["GET"]}}],"collection":[{"href":"https:\/\/monlienvisio.fr\/es\/wp-json\/wp\/v2\/posts"}],"about":[{"href":"https:\/\/monlienvisio.fr\/es\/wp-json\/wp\/v2\/types\/post"}],"author":[{"embeddable":true,"href":"https:\/\/monlienvisio.fr\/es\/wp-json\/wp\/v2\/users\/2"}],"replies":[{"embeddable":true,"href":"https:\/\/monlienvisio.fr\/es\/wp-json\/wp\/v2\/comments?post=16823"}],"version-history":[{"count":2,"href":"https:\/\/monlienvisio.fr\/es\/wp-json\/wp\/v2\/posts\/16823\/revisions"}],"predecessor-version":[{"id":16830,"href":"https:\/\/monlienvisio.fr\/es\/wp-json\/wp\/v2\/posts\/16823\/revisions\/16830"}],"wp:featuredmedia":[{"embeddable":true,"href":"https:\/\/monlienvisio.fr\/es\/wp-json\/wp\/v2\/media\/15225"}],"wp:attachment":[{"href":"https:\/\/monlienvisio.fr\/es\/wp-json\/wp\/v2\/media?parent=16823"}],"wp:term":[{"taxonomy":"category","embeddable":true,"href":"https:\/\/monlienvisio.fr\/es\/wp-json\/wp\/v2\/categories?post=16823"},{"taxonomy":"post_tag","embeddable":true,"href":"https:\/\/monlienvisio.fr\/es\/wp-json\/wp\/v2\/tags?post=16823"}],"curies":[{"name":"wp","href":"https:\/\/api.w.org\/{rel}","templated":true}]}}