{"id":16828,"date":"2023-07-02T12:36:42","date_gmt":"2023-07-02T10:36:42","guid":{"rendered":"https:\/\/monlienvisio.fr\/conciliar-las-vacaciones-y-el-cuidado-de-personas-dependientes-guia-practica\/"},"modified":"2025-05-11T09:03:45","modified_gmt":"2025-05-11T07:03:45","slug":"conciliar-las-vacaciones-y-el-cuidado-de-personas-dependientes-guia-practica","status":"publish","type":"post","link":"https:\/\/monlienvisio.fr\/es\/conciliar-las-vacaciones-y-el-cuidado-de-personas-dependientes-guia-practica\/","title":{"rendered":"CONCILIAR LAS VACACIONES Y EL CUIDADO DE PERSONAS DEPENDIENTES: GU\u00cdA PR\u00c1CTICA"},"content":{"rendered":"\n<p>Irse de vacaciones es esencial para recargar las pilas, pero para quienes tienen personas dependientes puede suponer un reto adicional. Ya se trate de ni\u00f1os, ancianos o personas con discapacidad, planificar unas vacaciones garantizando al mismo tiempo su bienestar requiere una organizaci\u00f3n meticulosa. Aqu\u00ed tienes algunos consejos sobre c\u00f3mo conciliar las vacaciones y el cuidado de personas dependientes.  <\/p>\n\n<h4 class=\"wp-block-heading\">1. Planificar con antelaci\u00f3n<\/h4>\n\n<p><strong>Anticipaci\u00f3n y preparaci\u00f3n son las palabras clave.<\/strong>  Empieza por determinar las necesidades espec\u00edficas de la persona dependiente. Esto puede incluir necesidades m\u00e9dicas, restricciones diet\u00e9ticas o requisitos especiales de movilidad. A continuaci\u00f3n, elige un destino que ofrezca la infraestructura necesaria (hospitales, farmacias, rampas de acceso, etc.).  <\/p>\n\n<p><strong>Lista de control :<\/strong><\/p>\n\n<ul class=\"wp-block-list\">\n<li>Medicamentos y recetas<\/li>\n\n\n\n<li>Accesibilidad (alojamiento, atracciones, restaurantes)<\/li>\n\n\n\n<li>Actividades adaptadas<\/li>\n<\/ul>\n\n<h4 class=\"wp-block-heading\">2. Elegir el destino adecuado<\/h4>\n\n<p>Elige un destino que satisfaga las necesidades y deseos de toda la familia. Algunos destinos son especialmente adecuados para alojar a personas dependientes, con instalaciones accesibles y servicios especializados. Los balnearios con playas accesibles, los parques nacionales con senderos accesibles o las ciudades con transporte p\u00fablico adaptado pueden ser opciones excelentes.  <\/p>\n\n<h4 class=\"wp-block-heading\">3. Adaptar el alojamiento<\/h4>\n\n<p><strong>La elecci\u00f3n del alojamiento es crucial.<\/strong>  Busca un alojamiento accesible y adaptado a las necesidades espec\u00edficas de la persona a tu cargo. Esto puede incluir habitaciones en la planta baja, cuartos de ba\u00f1o equipados con barras de sujeci\u00f3n, o cocinas en las que sea f\u00e1cil preparar comidas espec\u00edficas. <\/p>\n\n<p><strong>Consejos :<\/strong><\/p>\n\n<ul class=\"wp-block-list\">\n<li>Ponte en contacto directamente con el hotel o el alquiler para hablar de tus necesidades<\/li>\n\n\n\n<li>Lee las opiniones de otros viajeros con necesidades similares<\/li>\n\n\n\n<li>Da preferencia a los establecimientos con distintivos de calidad (Tourisme et Handicap, por ejemplo)<\/li>\n<\/ul>\n\n<h4 class=\"wp-block-heading\">4. Implica a todos en la planificaci\u00f3n<\/h4>\n\n<p><strong>Incluir a la persona a tu cargo en la planificaci\u00f3n de las vacaciones puede ser muy beneficioso.<\/strong>  Esto garantiza que las actividades elegidas sean agradables para todos y refuerza el sentimiento de inclusi\u00f3n. P\u00eddeles su opini\u00f3n sobre destinos y actividades, y aseg\u00farate de que se sienten parte del viaje. <\/p>\n\n<h4 class=\"wp-block-heading\">5. Planificar actividades diversificadas<\/h4>\n\n<p><strong>Un buen equilibrio entre actividades adaptadas y descanso es crucial.<\/strong>  Planifica una variedad de actividades que se adapten a la persona a tu cargo, dejando tiempo para que t\u00fa y los dem\u00e1s miembros de la familia os relaj\u00e9is.<\/p>\n\n<p><strong>Ejemplos de actividades:<\/strong><\/p>\n\n<ul class=\"wp-block-list\">\n<li>Visitas culturales (museos accesibles, monumentos hist\u00f3ricos)<\/li>\n\n\n\n<li>Actividades al aire libre (excursiones accesibles, paseos por la naturaleza)<\/li>\n\n\n\n<li>Aficiones creativas o talleres adaptados<\/li>\n<\/ul>\n\n<h4 class=\"wp-block-heading\">6. Descansa y descomprime<\/h4>\n\n<p>Las vacaciones tambi\u00e9n deben ser un momento de relajaci\u00f3n.  <strong>Planifica momentos en los que puedas descansar y recargar las pilas.<\/strong>  Si es posible, comparte las responsabilidades de los cuidados con otros miembros de la familia o considera la posibilidad de recurrir a servicios ocasionales de asistencia a domicilio en tu destino de vacaciones.<\/p>\n\n<h4 class=\"wp-block-heading\">7. Gesti\u00f3n de imprevistos<\/h4>\n\n<p><strong>Incluso con una preparaci\u00f3n meticulosa, pueden surgir circunstancias imprevistas.<\/strong>  Tener un plan de emergencia es esencial. Inf\u00f3rmate sobre los servicios sanitarios locales, los contactos de emergencia y ten siempre a mano un botiqu\u00edn de primeros auxilios. <\/p>\n\n<p><strong>Consejos :<\/strong><\/p>\n\n<ul class=\"wp-block-list\">\n<li>Aseg\u00farate de tener un seguro de viaje adecuado<\/li>\n\n\n\n<li>Lleva una lista de n\u00fameros de emergencia locales<\/li>\n\n\n\n<li>Prepara un expediente m\u00e9dico para que te lleves a la persona a tu cargo<\/li>\n<\/ul>\n\n<h4 class=\"wp-block-heading\">Conclusi\u00f3n<\/h4>\n\n<p>Conciliar las vacaciones con el cuidado de personas dependientes puede parecer complejo, pero con la organizaci\u00f3n adecuada y una planificaci\u00f3n cuidadosa, es muy posible pasar unos d\u00edas agradables y memorables. La clave est\u00e1 en anticiparse a las necesidades, elegir destinos y actividades adecuados, y no olvidarse de cuidar de uno mismo. Al fin y al cabo, las vacaciones consisten en relajarse y volver a conectar con tus seres queridos. \u00a1Que pases unas buenas vacaciones!   <\/p>\n\n<p>Homelinks es una soluci\u00f3n m\u00f3vil que te acompa\u00f1a all\u00e1 donde vayas.<\/p>\n","protected":false},"excerpt":{"rendered":"<p>Irse de vacaciones es esencial para recargar las pilas, pero para quienes tienen personas dependientes puede suponer un reto adicional. Ya se trate de ni\u00f1os, ancianos o personas con discapacidad, planificar unas vacaciones garantizando al mismo tiempo su bienestar requiere una organizaci\u00f3n meticulosa. Aqu\u00ed tienes algunos consejos sobre c\u00f3mo conciliar las vacaciones y el cuidado [&hellip;]<\/p>\n","protected":false},"author":2,"featured_media":15435,"comment_status":"open","ping_status":"open","sticky":false,"template":"","format":"standard","meta":{"_acf_changed":false,"_eb_attr":"","footnotes":""},"categories":[260],"tags":[],"class_list":["post-16828","post","type-post","status-publish","format-standard","has-post-thumbnail","hentry","category-articulo-verano"],"acf":[],"yoast_head":"<!-- This site is optimized with the Yoast SEO plugin v27.5 - https:\/\/yoast.com\/product\/yoast-seo-wordpress\/ -->\n<title>CONCILIAR LAS VACACIONES Y EL CUIDADO DE PERSONAS DEPENDIENTES: GU\u00cdA PR\u00c1CTICA | Mon Lien Visio<\/title>\n<meta name=\"robots\" content=\"index, follow, max-snippet:-1, max-image-preview:large, max-video-preview:-1\" \/>\n<link rel=\"canonical\" href=\"https:\/\/monlienvisio.fr\/concilier-vacances-et-accompagnement-de-personnes-a-charge-un-guide-pratique\/\" \/>\n<meta property=\"og:locale\" content=\"es_ES\" \/>\n<meta property=\"og:type\" content=\"article\" \/>\n<meta property=\"og:title\" content=\"CONCILIAR LAS VACACIONES Y EL CUIDADO DE PERSONAS DEPENDIENTES: GU\u00cdA PR\u00c1CTICA | Mon Lien Visio\" \/>\n<meta property=\"og:description\" content=\"Irse de vacaciones es esencial para recargar las pilas, pero para quienes tienen personas dependientes puede suponer un reto adicional. Ya se trate de ni\u00f1os, ancianos o personas con discapacidad, planificar unas vacaciones garantizando al mismo tiempo su bienestar requiere una organizaci\u00f3n meticulosa. Aqu\u00ed tienes algunos consejos sobre c\u00f3mo conciliar las vacaciones y el cuidado [&hellip;]\" \/>\n<meta property=\"og:url\" content=\"https:\/\/monlienvisio.fr\/concilier-vacances-et-accompagnement-de-personnes-a-charge-un-guide-pratique\/\" \/>\n<meta property=\"og:site_name\" content=\"Mon Lien Visio\" \/>\n<meta property=\"article:publisher\" content=\"https:\/\/www.facebook.com\/monlienvisio\" \/>\n<meta property=\"article:published_time\" content=\"2023-07-02T10:36:42+00:00\" \/>\n<meta property=\"article:modified_time\" content=\"2025-05-11T07:03:45+00:00\" \/>\n<meta property=\"og:image\" content=\"https:\/\/monlienvisio.fr\/wp-content\/uploads\/2024\/07\/Capture-decran-2024-07-15-a-09.43.59-1.webp\" \/>\n\t<meta property=\"og:image:width\" content=\"952\" \/>\n\t<meta property=\"og:image:height\" content=\"610\" \/>\n\t<meta property=\"og:image:type\" content=\"image\/webp\" \/>\n<meta name=\"author\" content=\"admin9923\" \/>\n<meta name=\"twitter:card\" content=\"summary_large_image\" \/>\n<meta name=\"twitter:creator\" content=\"@monlienvisio\" \/>\n<meta name=\"twitter:site\" content=\"@monlienvisio\" \/>\n<meta name=\"twitter:label1\" content=\"Escrito por\" \/>\n\t<meta name=\"twitter:data1\" content=\"admin9923\" \/>\n\t<meta name=\"twitter:label2\" content=\"Tiempo de lectura\" \/>\n\t<meta name=\"twitter:data2\" content=\"3 minutos\" \/>\n<script type=\"application\/ld+json\" class=\"yoast-schema-graph\">{\"@context\":\"https:\\\/\\\/schema.org\",\"@graph\":[{\"@type\":\"Article\",\"@id\":\"https:\\\/\\\/monlienvisio.fr\\\/concilier-vacances-et-accompagnement-de-personnes-a-charge-un-guide-pratique\\\/#article\",\"isPartOf\":{\"@id\":\"https:\\\/\\\/monlienvisio.fr\\\/concilier-vacances-et-accompagnement-de-personnes-a-charge-un-guide-pratique\\\/\"},\"author\":{\"name\":\"admin9923\",\"@id\":\"https:\\\/\\\/monlienvisio.fr\\\/#\\\/schema\\\/person\\\/c23c5aff4a9836f9f27cd99f4c22be85\"},\"headline\":\"CONCILIAR LAS VACACIONES Y EL CUIDADO DE PERSONAS DEPENDIENTES: GU\u00cdA PR\u00c1CTICA\",\"datePublished\":\"2023-07-02T10:36:42+00:00\",\"dateModified\":\"2025-05-11T07:03:45+00:00\",\"mainEntityOfPage\":{\"@id\":\"https:\\\/\\\/monlienvisio.fr\\\/concilier-vacances-et-accompagnement-de-personnes-a-charge-un-guide-pratique\\\/\"},\"wordCount\":650,\"commentCount\":0,\"publisher\":{\"@id\":\"https:\\\/\\\/monlienvisio.fr\\\/#organization\"},\"image\":{\"@id\":\"https:\\\/\\\/monlienvisio.fr\\\/concilier-vacances-et-accompagnement-de-personnes-a-charge-un-guide-pratique\\\/#primaryimage\"},\"thumbnailUrl\":\"https:\\\/\\\/monlienvisio.fr\\\/wp-content\\\/uploads\\\/2024\\\/07\\\/Capture-decran-2024-07-15-a-09.43.59-1.webp\",\"articleSection\":[\"Art\u00edculo - Verano\"],\"inLanguage\":\"es\",\"potentialAction\":[{\"@type\":\"CommentAction\",\"name\":\"Comment\",\"target\":[\"https:\\\/\\\/monlienvisio.fr\\\/concilier-vacances-et-accompagnement-de-personnes-a-charge-un-guide-pratique\\\/#respond\"]}]},{\"@type\":\"WebPage\",\"@id\":\"https:\\\/\\\/monlienvisio.fr\\\/concilier-vacances-et-accompagnement-de-personnes-a-charge-un-guide-pratique\\\/\",\"url\":\"https:\\\/\\\/monlienvisio.fr\\\/concilier-vacances-et-accompagnement-de-personnes-a-charge-un-guide-pratique\\\/\",\"name\":\"CONCILIAR LAS VACACIONES Y EL CUIDADO DE PERSONAS DEPENDIENTES: GU\u00cdA PR\u00c1CTICA | Mon Lien Visio\",\"isPartOf\":{\"@id\":\"https:\\\/\\\/monlienvisio.fr\\\/#website\"},\"primaryImageOfPage\":{\"@id\":\"https:\\\/\\\/monlienvisio.fr\\\/concilier-vacances-et-accompagnement-de-personnes-a-charge-un-guide-pratique\\\/#primaryimage\"},\"image\":{\"@id\":\"https:\\\/\\\/monlienvisio.fr\\\/concilier-vacances-et-accompagnement-de-personnes-a-charge-un-guide-pratique\\\/#primaryimage\"},\"thumbnailUrl\":\"https:\\\/\\\/monlienvisio.fr\\\/wp-content\\\/uploads\\\/2024\\\/07\\\/Capture-decran-2024-07-15-a-09.43.59-1.webp\",\"datePublished\":\"2023-07-02T10:36:42+00:00\",\"dateModified\":\"2025-05-11T07:03:45+00:00\",\"breadcrumb\":{\"@id\":\"https:\\\/\\\/monlienvisio.fr\\\/concilier-vacances-et-accompagnement-de-personnes-a-charge-un-guide-pratique\\\/#breadcrumb\"},\"inLanguage\":\"es\",\"potentialAction\":[{\"@type\":\"ReadAction\",\"target\":[\"https:\\\/\\\/monlienvisio.fr\\\/concilier-vacances-et-accompagnement-de-personnes-a-charge-un-guide-pratique\\\/\"]}]},{\"@type\":\"ImageObject\",\"inLanguage\":\"es\",\"@id\":\"https:\\\/\\\/monlienvisio.fr\\\/concilier-vacances-et-accompagnement-de-personnes-a-charge-un-guide-pratique\\\/#primaryimage\",\"url\":\"https:\\\/\\\/monlienvisio.fr\\\/wp-content\\\/uploads\\\/2024\\\/07\\\/Capture-decran-2024-07-15-a-09.43.59-1.webp\",\"contentUrl\":\"https:\\\/\\\/monlienvisio.fr\\\/wp-content\\\/uploads\\\/2024\\\/07\\\/Capture-decran-2024-07-15-a-09.43.59-1.webp\",\"width\":952,\"height\":610},{\"@type\":\"BreadcrumbList\",\"@id\":\"https:\\\/\\\/monlienvisio.fr\\\/concilier-vacances-et-accompagnement-de-personnes-a-charge-un-guide-pratique\\\/#breadcrumb\",\"itemListElement\":[{\"@type\":\"ListItem\",\"position\":1,\"name\":\"Accueil\",\"item\":\"https:\\\/\\\/monlienvisio.fr\\\/es\\\/\"},{\"@type\":\"ListItem\",\"position\":2,\"name\":\"CONCILIAR LAS VACACIONES Y EL CUIDADO DE PERSONAS DEPENDIENTES: GU\u00cdA PR\u00c1CTICA\"}]},{\"@type\":\"WebSite\",\"@id\":\"https:\\\/\\\/monlienvisio.fr\\\/#website\",\"url\":\"https:\\\/\\\/monlienvisio.fr\\\/\",\"name\":\"Mon Lien Visio\",\"description\":\"Renforcer vos liens avec ceux qui comptent\",\"publisher\":{\"@id\":\"https:\\\/\\\/monlienvisio.fr\\\/#organization\"},\"alternateName\":\"MLV\",\"potentialAction\":[{\"@type\":\"SearchAction\",\"target\":{\"@type\":\"EntryPoint\",\"urlTemplate\":\"https:\\\/\\\/monlienvisio.fr\\\/?s={search_term_string}\"},\"query-input\":{\"@type\":\"PropertyValueSpecification\",\"valueRequired\":true,\"valueName\":\"search_term_string\"}}],\"inLanguage\":\"es\"},{\"@type\":\"Organization\",\"@id\":\"https:\\\/\\\/monlienvisio.fr\\\/#organization\",\"name\":\"Mon Lien Visio\",\"alternateName\":\"MLV\",\"url\":\"https:\\\/\\\/monlienvisio.fr\\\/\",\"logo\":{\"@type\":\"ImageObject\",\"inLanguage\":\"es\",\"@id\":\"https:\\\/\\\/monlienvisio.fr\\\/#\\\/schema\\\/logo\\\/image\\\/\",\"url\":\"https:\\\/\\\/monlienvisio.fr\\\/wp-content\\\/uploads\\\/2025\\\/03\\\/logo-MLV-Homelinks-512-x-512.png\",\"contentUrl\":\"https:\\\/\\\/monlienvisio.fr\\\/wp-content\\\/uploads\\\/2025\\\/03\\\/logo-MLV-Homelinks-512-x-512.png\",\"width\":512,\"height\":512,\"caption\":\"Mon Lien Visio\"},\"image\":{\"@id\":\"https:\\\/\\\/monlienvisio.fr\\\/#\\\/schema\\\/logo\\\/image\\\/\"},\"sameAs\":[\"https:\\\/\\\/www.facebook.com\\\/monlienvisio\",\"https:\\\/\\\/x.com\\\/monlienvisio\",\"https:\\\/\\\/www.instagram.com\\\/monlienvisio\\\/\",\"https:\\\/\\\/www.youtube.com\\\/channel\\\/UCSqRapa3VR6QOtwWgtiR-CQ\",\"https:\\\/\\\/www.linkedin.com\\\/company\\\/monlienvisio\\\/\"]},{\"@type\":\"Person\",\"@id\":\"https:\\\/\\\/monlienvisio.fr\\\/#\\\/schema\\\/person\\\/c23c5aff4a9836f9f27cd99f4c22be85\",\"name\":\"admin9923\",\"image\":{\"@type\":\"ImageObject\",\"inLanguage\":\"es\",\"@id\":\"https:\\\/\\\/secure.gravatar.com\\\/avatar\\\/68178fff884ab7e86a76129926eb0fd6343c3d415cdfd290f5407562ff78edfa?s=96&d=mm&r=g\",\"url\":\"https:\\\/\\\/secure.gravatar.com\\\/avatar\\\/68178fff884ab7e86a76129926eb0fd6343c3d415cdfd290f5407562ff78edfa?s=96&d=mm&r=g\",\"contentUrl\":\"https:\\\/\\\/secure.gravatar.com\\\/avatar\\\/68178fff884ab7e86a76129926eb0fd6343c3d415cdfd290f5407562ff78edfa?s=96&d=mm&r=g\",\"caption\":\"admin9923\"},\"url\":\"https:\\\/\\\/monlienvisio.fr\\\/es\\\/author\\\/admin9923\\\/\"}]}<\/script>\n<!-- \/ Yoast SEO plugin. -->","yoast_head_json":{"title":"CONCILIAR LAS VACACIONES Y EL CUIDADO DE PERSONAS DEPENDIENTES: GU\u00cdA PR\u00c1CTICA | Mon Lien Visio","robots":{"index":"index","follow":"follow","max-snippet":"max-snippet:-1","max-image-preview":"max-image-preview:large","max-video-preview":"max-video-preview:-1"},"canonical":"https:\/\/monlienvisio.fr\/concilier-vacances-et-accompagnement-de-personnes-a-charge-un-guide-pratique\/","og_locale":"es_ES","og_type":"article","og_title":"CONCILIAR LAS VACACIONES Y EL CUIDADO DE PERSONAS DEPENDIENTES: GU\u00cdA PR\u00c1CTICA | Mon Lien Visio","og_description":"Irse de vacaciones es esencial para recargar las pilas, pero para quienes tienen personas dependientes puede suponer un reto adicional. Ya se trate de ni\u00f1os, ancianos o personas con discapacidad, planificar unas vacaciones garantizando al mismo tiempo su bienestar requiere una organizaci\u00f3n meticulosa. Aqu\u00ed tienes algunos consejos sobre c\u00f3mo conciliar las vacaciones y el cuidado [&hellip;]","og_url":"https:\/\/monlienvisio.fr\/concilier-vacances-et-accompagnement-de-personnes-a-charge-un-guide-pratique\/","og_site_name":"Mon Lien Visio","article_publisher":"https:\/\/www.facebook.com\/monlienvisio","article_published_time":"2023-07-02T10:36:42+00:00","article_modified_time":"2025-05-11T07:03:45+00:00","og_image":[{"width":952,"height":610,"url":"https:\/\/monlienvisio.fr\/wp-content\/uploads\/2024\/07\/Capture-decran-2024-07-15-a-09.43.59-1.webp","type":"image\/webp"}],"author":"admin9923","twitter_card":"summary_large_image","twitter_creator":"@monlienvisio","twitter_site":"@monlienvisio","twitter_misc":{"Escrito por":"admin9923","Tiempo de lectura":"3 minutos"},"schema":{"@context":"https:\/\/schema.org","@graph":[{"@type":"Article","@id":"https:\/\/monlienvisio.fr\/concilier-vacances-et-accompagnement-de-personnes-a-charge-un-guide-pratique\/#article","isPartOf":{"@id":"https:\/\/monlienvisio.fr\/concilier-vacances-et-accompagnement-de-personnes-a-charge-un-guide-pratique\/"},"author":{"name":"admin9923","@id":"https:\/\/monlienvisio.fr\/#\/schema\/person\/c23c5aff4a9836f9f27cd99f4c22be85"},"headline":"CONCILIAR LAS VACACIONES Y EL CUIDADO DE PERSONAS DEPENDIENTES: GU\u00cdA PR\u00c1CTICA","datePublished":"2023-07-02T10:36:42+00:00","dateModified":"2025-05-11T07:03:45+00:00","mainEntityOfPage":{"@id":"https:\/\/monlienvisio.fr\/concilier-vacances-et-accompagnement-de-personnes-a-charge-un-guide-pratique\/"},"wordCount":650,"commentCount":0,"publisher":{"@id":"https:\/\/monlienvisio.fr\/#organization"},"image":{"@id":"https:\/\/monlienvisio.fr\/concilier-vacances-et-accompagnement-de-personnes-a-charge-un-guide-pratique\/#primaryimage"},"thumbnailUrl":"https:\/\/monlienvisio.fr\/wp-content\/uploads\/2024\/07\/Capture-decran-2024-07-15-a-09.43.59-1.webp","articleSection":["Art\u00edculo - Verano"],"inLanguage":"es","potentialAction":[{"@type":"CommentAction","name":"Comment","target":["https:\/\/monlienvisio.fr\/concilier-vacances-et-accompagnement-de-personnes-a-charge-un-guide-pratique\/#respond"]}]},{"@type":"WebPage","@id":"https:\/\/monlienvisio.fr\/concilier-vacances-et-accompagnement-de-personnes-a-charge-un-guide-pratique\/","url":"https:\/\/monlienvisio.fr\/concilier-vacances-et-accompagnement-de-personnes-a-charge-un-guide-pratique\/","name":"CONCILIAR LAS VACACIONES Y EL CUIDADO DE PERSONAS DEPENDIENTES: GU\u00cdA PR\u00c1CTICA | Mon Lien Visio","isPartOf":{"@id":"https:\/\/monlienvisio.fr\/#website"},"primaryImageOfPage":{"@id":"https:\/\/monlienvisio.fr\/concilier-vacances-et-accompagnement-de-personnes-a-charge-un-guide-pratique\/#primaryimage"},"image":{"@id":"https:\/\/monlienvisio.fr\/concilier-vacances-et-accompagnement-de-personnes-a-charge-un-guide-pratique\/#primaryimage"},"thumbnailUrl":"https:\/\/monlienvisio.fr\/wp-content\/uploads\/2024\/07\/Capture-decran-2024-07-15-a-09.43.59-1.webp","datePublished":"2023-07-02T10:36:42+00:00","dateModified":"2025-05-11T07:03:45+00:00","breadcrumb":{"@id":"https:\/\/monlienvisio.fr\/concilier-vacances-et-accompagnement-de-personnes-a-charge-un-guide-pratique\/#breadcrumb"},"inLanguage":"es","potentialAction":[{"@type":"ReadAction","target":["https:\/\/monlienvisio.fr\/concilier-vacances-et-accompagnement-de-personnes-a-charge-un-guide-pratique\/"]}]},{"@type":"ImageObject","inLanguage":"es","@id":"https:\/\/monlienvisio.fr\/concilier-vacances-et-accompagnement-de-personnes-a-charge-un-guide-pratique\/#primaryimage","url":"https:\/\/monlienvisio.fr\/wp-content\/uploads\/2024\/07\/Capture-decran-2024-07-15-a-09.43.59-1.webp","contentUrl":"https:\/\/monlienvisio.fr\/wp-content\/uploads\/2024\/07\/Capture-decran-2024-07-15-a-09.43.59-1.webp","width":952,"height":610},{"@type":"BreadcrumbList","@id":"https:\/\/monlienvisio.fr\/concilier-vacances-et-accompagnement-de-personnes-a-charge-un-guide-pratique\/#breadcrumb","itemListElement":[{"@type":"ListItem","position":1,"name":"Accueil","item":"https:\/\/monlienvisio.fr\/es\/"},{"@type":"ListItem","position":2,"name":"CONCILIAR LAS VACACIONES Y EL CUIDADO DE PERSONAS DEPENDIENTES: GU\u00cdA PR\u00c1CTICA"}]},{"@type":"WebSite","@id":"https:\/\/monlienvisio.fr\/#website","url":"https:\/\/monlienvisio.fr\/","name":"Mon Lien Visio","description":"Renforcer vos liens avec ceux qui comptent","publisher":{"@id":"https:\/\/monlienvisio.fr\/#organization"},"alternateName":"MLV","potentialAction":[{"@type":"SearchAction","target":{"@type":"EntryPoint","urlTemplate":"https:\/\/monlienvisio.fr\/?s={search_term_string}"},"query-input":{"@type":"PropertyValueSpecification","valueRequired":true,"valueName":"search_term_string"}}],"inLanguage":"es"},{"@type":"Organization","@id":"https:\/\/monlienvisio.fr\/#organization","name":"Mon Lien Visio","alternateName":"MLV","url":"https:\/\/monlienvisio.fr\/","logo":{"@type":"ImageObject","inLanguage":"es","@id":"https:\/\/monlienvisio.fr\/#\/schema\/logo\/image\/","url":"https:\/\/monlienvisio.fr\/wp-content\/uploads\/2025\/03\/logo-MLV-Homelinks-512-x-512.png","contentUrl":"https:\/\/monlienvisio.fr\/wp-content\/uploads\/2025\/03\/logo-MLV-Homelinks-512-x-512.png","width":512,"height":512,"caption":"Mon Lien Visio"},"image":{"@id":"https:\/\/monlienvisio.fr\/#\/schema\/logo\/image\/"},"sameAs":["https:\/\/www.facebook.com\/monlienvisio","https:\/\/x.com\/monlienvisio","https:\/\/www.instagram.com\/monlienvisio\/","https:\/\/www.youtube.com\/channel\/UCSqRapa3VR6QOtwWgtiR-CQ","https:\/\/www.linkedin.com\/company\/monlienvisio\/"]},{"@type":"Person","@id":"https:\/\/monlienvisio.fr\/#\/schema\/person\/c23c5aff4a9836f9f27cd99f4c22be85","name":"admin9923","image":{"@type":"ImageObject","inLanguage":"es","@id":"https:\/\/secure.gravatar.com\/avatar\/68178fff884ab7e86a76129926eb0fd6343c3d415cdfd290f5407562ff78edfa?s=96&d=mm&r=g","url":"https:\/\/secure.gravatar.com\/avatar\/68178fff884ab7e86a76129926eb0fd6343c3d415cdfd290f5407562ff78edfa?s=96&d=mm&r=g","contentUrl":"https:\/\/secure.gravatar.com\/avatar\/68178fff884ab7e86a76129926eb0fd6343c3d415cdfd290f5407562ff78edfa?s=96&d=mm&r=g","caption":"admin9923"},"url":"https:\/\/monlienvisio.fr\/es\/author\/admin9923\/"}]}},"_links":{"self":[{"href":"https:\/\/monlienvisio.fr\/es\/wp-json\/wp\/v2\/posts\/16828","targetHints":{"allow":["GET"]}}],"collection":[{"href":"https:\/\/monlienvisio.fr\/es\/wp-json\/wp\/v2\/posts"}],"about":[{"href":"https:\/\/monlienvisio.fr\/es\/wp-json\/wp\/v2\/types\/post"}],"author":[{"embeddable":true,"href":"https:\/\/monlienvisio.fr\/es\/wp-json\/wp\/v2\/users\/2"}],"replies":[{"embeddable":true,"href":"https:\/\/monlienvisio.fr\/es\/wp-json\/wp\/v2\/comments?post=16828"}],"version-history":[{"count":4,"href":"https:\/\/monlienvisio.fr\/es\/wp-json\/wp\/v2\/posts\/16828\/revisions"}],"predecessor-version":[{"id":17488,"href":"https:\/\/monlienvisio.fr\/es\/wp-json\/wp\/v2\/posts\/16828\/revisions\/17488"}],"wp:featuredmedia":[{"embeddable":true,"href":"https:\/\/monlienvisio.fr\/es\/wp-json\/wp\/v2\/media\/15435"}],"wp:attachment":[{"href":"https:\/\/monlienvisio.fr\/es\/wp-json\/wp\/v2\/media?parent=16828"}],"wp:term":[{"taxonomy":"category","embeddable":true,"href":"https:\/\/monlienvisio.fr\/es\/wp-json\/wp\/v2\/categories?post=16828"},{"taxonomy":"post_tag","embeddable":true,"href":"https:\/\/monlienvisio.fr\/es\/wp-json\/wp\/v2\/tags?post=16828"}],"curies":[{"name":"wp","href":"https:\/\/api.w.org\/{rel}","templated":true}]}}